{"id":9125,"date":"2022-01-03T08:01:03","date_gmt":"2022-01-03T08:01:03","guid":{"rendered":"https:\/\/good-search.org\/about\/?p=9125"},"modified":"2022-10-24T12:28:52","modified_gmt":"2022-10-24T12:28:52","slug":"diese-studien-zum-klimawandel-machen-mut","status":"publish","type":"post","link":"https:\/\/good-search.org\/about\/blog\/diese-studien-zum-klimawandel-machen-mut\/","title":{"rendered":"Diese Studien zum Klimawandel machen Mut"},"content":{"rendered":"<style type=\"text\/css\"> \n#cmsmasters_row_69f5b32e9400f9_12623397 .cmsmasters_row_outer_parent { \n\tpadding-top: 20px; \n} \n\n#cmsmasters_row_69f5b32e9400f9_12623397 .cmsmasters_row_outer_parent { \n\tpadding-bottom: 0px; \n} \n\n \n#cmsmasters_row_69f5b32e944355_40091688 .cmsmasters_row_outer_parent { \n\tpadding-top: 20px; \n} \n\n#cmsmasters_row_69f5b32e944355_40091688 .cmsmasters_row_outer_parent { \n\tpadding-bottom: 20px; \n} \n\n \n#cmsmasters_divider_69f5b32e945f21_80076661 { \n\tborder-bottom-width:0px; \n\tborder-bottom-style:solid; \n\tpadding-top:15px; \n\tmargin-bottom:15px; \n} \n \n#cmsmasters_row_69f5b32e946632_54991655 .cmsmasters_row_outer_parent { \n\tpadding-top: 0px; \n} \n\n#cmsmasters_row_69f5b32e946632_54991655 .cmsmasters_row_outer_parent { \n\tpadding-bottom: 10px; \n} \n\n \n\n#cmsmasters_fb_69f5b32e948552_78669083 { \n\tpadding-top:0px; \n\tpadding-bottom:20px; \n\tbackground-color:#ffffff;\n} \n\n#cmsmasters_fb_69f5b32e948552_78669083 .featured_block_inner { \n\twidth: 100%; \n\tpadding: ; \n\ttext-align: left; \n\tfloat:left; \n} \n\n#cmsmasters_fb_69f5b32e948552_78669083 .featured_block_text { \n\ttext-align: left; \n} \n\n \n#cmsmasters_row_69f5b32e948d52_13187456 .cmsmasters_row_outer_parent { \n\tpadding-top: 0px; \n} \n\n#cmsmasters_row_69f5b32e948d52_13187456 .cmsmasters_row_outer_parent { \n\tpadding-bottom: 10px; \n} \n\n \n\n#cmsmasters_fb_69f5b32e949dc8_05788451 { \n\tpadding-top:0px; \n\tpadding-bottom:20px; \n\tbackground-color:#ffffff;\n} \n\n#cmsmasters_fb_69f5b32e949dc8_05788451 .featured_block_inner { \n\twidth: 100%; \n\tpadding: ; \n\ttext-align: left; \n\tmargin:0 auto; \n} \n\n#cmsmasters_fb_69f5b32e949dc8_05788451 .featured_block_text { \n\ttext-align: left; \n} \n\n \n#cmsmasters_row_69f5b32e94a4e4_95106445 .cmsmasters_row_outer_parent { \n\tpadding-top: 0px; \n} \n\n#cmsmasters_row_69f5b32e94a4e4_95106445 .cmsmasters_row_outer_parent { \n\tpadding-bottom: 10px; \n} \n\n \n\n#cmsmasters_fb_69f5b32e94b4e2_91213164 { \n\tpadding-top:0px; \n\tpadding-bottom:20px; \n\tbackground-color:#ffffff;\n} \n\n#cmsmasters_fb_69f5b32e94b4e2_91213164 .featured_block_inner { \n\twidth: 100%; \n\tpadding: ; \n\ttext-align: left; \n\tmargin:0 auto; \n} \n\n#cmsmasters_fb_69f5b32e94b4e2_91213164 .featured_block_text { \n\ttext-align: left; \n} \n\n \n#cmsmasters_row_69f5b32e94bc59_86095889 .cmsmasters_row_outer_parent { \n\tpadding-top: 0px; \n} \n\n#cmsmasters_row_69f5b32e94bc59_86095889 .cmsmasters_row_outer_parent { \n\tpadding-bottom: 10px; \n} \n\n \n\n#cmsmasters_fb_69f5b32e94cf56_29131136 { \n\tpadding-top:0px; \n\tpadding-bottom:20px; \n\tbackground-color:#ffffff;\n} \n\n#cmsmasters_fb_69f5b32e94cf56_29131136 .featured_block_inner { \n\twidth: 100%; \n\tpadding: ; \n\ttext-align: left; \n\tmargin:0 auto; \n} \n\n#cmsmasters_fb_69f5b32e94cf56_29131136 .featured_block_text { \n\ttext-align: left; \n} \n\n \n#cmsmasters_row_69f5b32e94d909_65481140 .cmsmasters_row_outer_parent { \n\tpadding-top: 0px; \n} \n\n#cmsmasters_row_69f5b32e94d909_65481140 .cmsmasters_row_outer_parent { \n\tpadding-bottom: 10px; \n} \n\n<\/style><div id=\"cmsmasters_row_69f5b32e9400f9_12623397\" class=\"cmsmasters_row cmsmasters_color_scheme_default cmsmasters_row_top_default cmsmasters_row_bot_default cmsmasters_row_boxed\">\n<div class=\"cmsmasters_row_outer_parent\">\n<div class=\"cmsmasters_row_outer\">\n<div class=\"cmsmasters_row_inner\">\n<div class=\"cmsmasters_row_margin\">\n<div class=\"cmsmasters_column one_first\">\n<div class=\"cmsmasters_text\">\n<figure id=\"attachment_9144\" aria-describedby=\"caption-attachment-9144\" style=\"width: 1100px\" class=\"wp-caption alignnone\"><img loading=\"lazy\" decoding=\"async\" class=\"wp-image-9144 size-full\" src=\"https:\/\/good-search.org\/about\/wp-content\/uploads\/2021\/12\/Climatechange.jpg\" alt=\"\" width=\"1100\" height=\"688\" srcset=\"https:\/\/good-search.org\/about\/wp-content\/uploads\/2021\/12\/Climatechange.jpg 1100w, https:\/\/good-search.org\/about\/wp-content\/uploads\/2021\/12\/Climatechange-300x188.jpg 300w, https:\/\/good-search.org\/about\/wp-content\/uploads\/2021\/12\/Climatechange-768x480.jpg 768w, https:\/\/good-search.org\/about\/wp-content\/uploads\/2021\/12\/Climatechange-1024x640.jpg 1024w, https:\/\/good-search.org\/about\/wp-content\/uploads\/2021\/12\/Climatechange-580x363.jpg 580w, https:\/\/good-search.org\/about\/wp-content\/uploads\/2021\/12\/Climatechange-860x538.jpg 860w\" sizes=\"(max-width: 1100px) 100vw, 1100px\" \/><figcaption id=\"caption-attachment-9144\" class=\"wp-caption-text\">\u00a9 Luke Ellis-Craven \/ Unsplash<\/figcaption><\/figure>\n<\/div>\n<\/div>\n<\/div>\n<\/div>\n<\/div>\n<\/div>\n<\/div>\n<div id=\"cmsmasters_row_69f5b32e944355_40091688\" class=\"cmsmasters_row cmsmasters_color_scheme_default cmsmasters_row_top_default cmsmasters_row_bot_default cmsmasters_row_boxed\">\n<div class=\"cmsmasters_row_outer_parent\">\n<div class=\"cmsmasters_row_outer\">\n<div class=\"cmsmasters_row_inner\">\n<div class=\"cmsmasters_row_margin\">\n<div class=\"cmsmasters_column one_first\">\n<div class=\"cmsmasters_text\">\n<h3><strong>Mit dieser Auswahl an Studien wollen wir Mut machen. Sie zeigen, dass ihr mit eurem Engagement f\u00fcr Umwelt- und Klimaschutz nicht alleine seid und dass sich beherztes Handeln auch heute noch lohnt.<\/strong><\/h3>\n<\/div>\n\n<div id=\"cmsmasters_divider_69f5b32e945f21_80076661\" class=\"cl\"><\/div>\n<div class=\"cmsmasters_text\">\n<p><span style=\"font-weight: 400\">Im August 2021 ver\u00f6ffentlichte der Weltklimarat (IPCC) eine <\/span><a href=\"https:\/\/www.zeit.de\/wissen\/2021-08\/weltklimarat-ipcc-bericht-klimapolitik-klimawandel-prognose?utm_referrer=https%3A%2F%2Fwww.google.com%2F\" target=\"_blank\" rel=\"noopener\"><span style=\"font-weight: 400\">Studie<\/span><\/a><span style=\"font-weight: 400\">, die in der \u00d6ffentlichkeit f\u00fcr viel Furore sorgte. Die Autor:innen zeichneten dort ein ziemlich d\u00fcsteres Bild: Im Kern des Entwurfs geht es um den Klimawandel, der schneller und brutaler auf uns zurast als erwartet. Die Folgen f\u00fcr Europa: verheerend. Der menschengemachte Klimawandel kann demnach nur in einem gemeinsamen Kraftakt aller Beteiligten verlangsamt, aber l\u00e4ngst nicht mehr gestoppt, werden. Daf\u00fcr ist es mittlerweile viel zu sp\u00e4t. Mit seinen Schlussfolgerungen gilt der Weltklimarat als Wegweiser f\u00fcr die globalen Entscheidungstr\u00e4ger:innen. Im Februar 2022 wird nun die Endfassung der Studie pr\u00e4sentiert. Es bleibt zu hoffen, dass die Machthaber:innen den alarmierenden Worten der Wissenschaftler:innen dann entsprechend Geh\u00f6r schenken werden und eine entschlossene Klima-Strategie erarbeiten. Dass die Politik daf\u00fcr genug R\u00fcckendeckung aus der Zivilgesellschaft und Teilen der Wirtschaft hat, beweisen diese vier Studien aus 2021, die einen positiven Ausblick haben und somit vor allem Mut machen.<\/span><\/p>\n<\/div>\n<\/div>\n<\/div>\n<\/div>\n<\/div>\n<\/div>\n<\/div>\n<div id=\"cmsmasters_row_69f5b32e946632_54991655\" class=\"cmsmasters_row cmsmasters_color_scheme_default cmsmasters_row_top_default cmsmasters_row_bot_default cmsmasters_row_boxed\">\n<div class=\"cmsmasters_row_outer_parent\">\n<div class=\"cmsmasters_row_outer\">\n<div class=\"cmsmasters_row_inner\">\n<div class=\"cmsmasters_row_margin\">\n<div class=\"cmsmasters_column one_first\">\n<div class=\"cmsmasters_text\">\n<h3><strong>1. <b>Weleda-Natur-Studie 2021<\/b><\/strong><\/h3>\n<p><span style=\"font-weight: 400\">Die Biodiversit\u00e4t ist ein viel diskutiertes Thema in den Medien im Zusammenhang mit dem Klimawandel. Gerade dann, wenn es um die globale Erw\u00e4rmung geht oder Extremwetterereignisse behandelt werden, wird h\u00e4ufig von einer Bedrohung der biologischen Vielfalt gesprochen. Inwieweit sich die deutschsprachige Bev\u00f6lkerung schon heute f\u00fcr das Thema engagiert, hat die \u201c<\/span><a href=\"https:\/\/www.weleda.de\/naturstudie-2021\" target=\"_blank\" rel=\"noopener\"><span style=\"font-weight: 400\">Natur-Studie<\/span><\/a><span style=\"font-weight: 400\">\u201d von Weleda ermittelt. Das Naturkosmetik-Unternehmen f\u00fchrt hierf\u00fcr j\u00e4hrlich eine repr\u00e4sentative Studie im DACH-Raum durch. Die Studie fand dabei heraus, dass sich bereits heute ein Gro\u00dfteil der Bev\u00f6lkerung aktiv f\u00fcr mehr Biodiversit\u00e4t engagiert und dass der Verlust der Biodiversit\u00e4t einem Gro\u00dfteil (65 Prozent) in ihrer eigenen Umgebung bereits aufgefallen ist.<\/span><\/p>\n<\/div>\n<div id=\"cmsmasters_fb_69f5b32e948552_78669083\" class=\"cmsmasters_featured_block\">\n<div class=\"featured_block_inner\">\n<div class=\"featured_block_text\">\n<h3><span style=\"color: #08c0bd\"><b>Viele Menschen engagieren sich heute schon bewusst f\u00fcr mehr Biodiversit\u00e4t<\/b><\/span><\/h3>\n<p><span style=\"font-weight: 400\">Ob es das Vermeiden von Verpackungsm\u00fcll (69 Prozent), der Verzicht auf Flugreisen (56 Prozent), der Kauf regionaler, saisonaler Lebensmittel ist (57 Prozent) oder mit etwas Abstand die Reduktion des Fleischkonsums (44 Prozent) ist: Sowohl im Einkaufsverhalten als auch im Umgang mit der Natur zeigt sich die Mehrheit bereit, etwas f\u00fcr die Biodiversit\u00e4t zutun. <\/span><\/p>\n<p><img loading=\"lazy\" decoding=\"async\" class=\"alignnone wp-image-9273 size-full\" src=\"https:\/\/good-search.org\/about\/wp-content\/uploads\/2022\/01\/44.png\" alt=\"\" width=\"1100\" height=\"900\" srcset=\"https:\/\/good-search.org\/about\/wp-content\/uploads\/2022\/01\/44.png 1100w, https:\/\/good-search.org\/about\/wp-content\/uploads\/2022\/01\/44-300x245.png 300w, https:\/\/good-search.org\/about\/wp-content\/uploads\/2022\/01\/44-768x628.png 768w, https:\/\/good-search.org\/about\/wp-content\/uploads\/2022\/01\/44-1024x838.png 1024w, https:\/\/good-search.org\/about\/wp-content\/uploads\/2022\/01\/44-580x475.png 580w, https:\/\/good-search.org\/about\/wp-content\/uploads\/2022\/01\/44-860x704.png 860w\" sizes=\"(max-width: 1100px) 100vw, 1100px\" \/><\/p>\n<p><span style=\"font-weight: 400\">Doch gleichzeitig best\u00e4tigten die Zahlen zum Fleischkonsum und auch zur Entscheidung, sich beispielsweise f\u00fcr Second-Hand-Kleidung zu entscheiden (18 Prozent), was auch in der Weleda Natur-Studie 2020 deutlich wurde: Verzicht und Zusatzaufwand, beispielsweise finanzieller Natur, sorgen trotz gesteigertem Bewusstsein f\u00fcr Barrieren im Verhalten auf Seite der Konsument:innen. Daher sehen die Konsument:innen auch ganz konkret die Wirtschaft in der Pflicht. Sie erwarten von den Unternehmen unter anderem nachhaltige Verpackungs- und Transportl\u00f6sungen sowie faire, zur\u00fcckverfolgbare Lieferketten und Angebote im Sinne der Kreislaufwirtschaft. Die gute Nachricht: Bei 59 Prozent sind Nachhaltigkeitskriterien schon ein fester Bestandteil der Kaufentscheidung und viele sind davon \u00fcberzeugt, dass ihr pers\u00f6nliches Handeln einen Unterschied machen kann.<\/span><\/p>\n<\/div>\n<\/div>\n<\/div>\n<\/div>\n<\/div>\n<\/div>\n<\/div>\n<\/div>\n<\/div>\n<div id=\"cmsmasters_row_69f5b32e948d52_13187456\" class=\"cmsmasters_row cmsmasters_color_scheme_default cmsmasters_row_top_default cmsmasters_row_bot_default cmsmasters_row_boxed\">\n<div class=\"cmsmasters_row_outer_parent\">\n<div class=\"cmsmasters_row_outer\">\n<div class=\"cmsmasters_row_inner\">\n<div class=\"cmsmasters_row_margin\">\n<div class=\"cmsmasters_column one_first\">\n<div class=\"cmsmasters_text\">\n<h3><strong>2. <b>Jugendstudie vom I\u00d6W &#8211; Institut f\u00fcr \u00f6kologische Wirtschaftsforschung<\/b><\/strong><\/h3>\n<p><span style=\"font-weight: 400\">Zu einem ganz \u00e4hnlichen Schluss kommt die Jugendstudie vom Berliner Institut f\u00fcr \u00f6kologische Wirtschaftsforschung (I\u00d6W). Bei der Repr\u00e4sentativbefragung \u201c<\/span><a href=\"https:\/\/www.ioew.de\/fileadmin\/user_upload\/Gossen_Maike_Jugendstudie.pdf\" target=\"_blank\" rel=\"noopener\"><span style=\"font-weight: 400\">Zukunft? Jugend fragen!<\/span><\/a><span style=\"font-weight: 400\">\u201d wurden etwa 1.000 Jugendliche im Alter von 14 bis 22 Jahren zu ihren Einstellungen und Verhaltensweisen im Umwelt- und Klimaschutz befragt.<\/span><\/p>\n<\/div>\n<div id=\"cmsmasters_fb_69f5b32e949dc8_05788451\" class=\"cmsmasters_featured_block\">\n<div class=\"featured_block_inner\">\n<div class=\"featured_block_text\">\n<h3><span style=\"color: #08c0bd\"><b>Jede:r einzelne kann sich wirkungsvoll f\u00fcr den Umwelt- und Klimaschutz engagieren<\/b><\/span><\/h3>\n<p><span style=\"font-weight: 400\">Zu den wichtigsten Themen geh\u00f6ren f\u00fcr die jungen Menschen neben dem Umwelt- und Klimaschutz, der Zustand des Bildungswesen sowie die soziale Gerechtigkeit. Mit 61 Prozent sieht eine deutliche Mehrheit der Jugendlichen Umwelt- und Klimaschutz als etwas an, das im Verantwortungsbereich jeden einzelnen liegt. Die Bedeutung von Politik oder Industrie wurden deutlich geringer eingestuft.<\/span><\/p>\n<p><img loading=\"lazy\" decoding=\"async\" class=\"alignnone wp-image-9269 size-full\" src=\"https:\/\/good-search.org\/about\/wp-content\/uploads\/2022\/01\/2.png\" alt=\"\" width=\"1100\" height=\"775\" srcset=\"https:\/\/good-search.org\/about\/wp-content\/uploads\/2022\/01\/2.png 1100w, https:\/\/good-search.org\/about\/wp-content\/uploads\/2022\/01\/2-300x211.png 300w, https:\/\/good-search.org\/about\/wp-content\/uploads\/2022\/01\/2-768x541.png 768w, https:\/\/good-search.org\/about\/wp-content\/uploads\/2022\/01\/2-1024x721.png 1024w, https:\/\/good-search.org\/about\/wp-content\/uploads\/2022\/01\/2-580x409.png 580w, https:\/\/good-search.org\/about\/wp-content\/uploads\/2022\/01\/2-860x606.png 860w\" sizes=\"(max-width: 1100px) 100vw, 1100px\" \/><span style=\"font-weight: 400\">Wirkungsvolle Ma\u00dfnahmen, sich zu engagieren seien die Unterzeichnung von Online-Petitionen und -Aktionen, die Teilnahme an Demonstrationen oder die Mitarbeit bei einer Natur- oder Umweltschutzgruppe. Ein Viertel der Jugendlichen war beispielsweise schon einmal bei einer Demonstration von Fridays For Future dabei, ein weiteres Drittel k\u00f6nnte sich vorstellen, k\u00fcnftig einmal daran teilzunehmen. Mehr als die H\u00e4lfte (57 Prozent) hat schon mal eine Petition unterschrieben, jede:r F\u00fcnfte (22 Prozent) sich in einer Umwelt- oder Naturschutzorganisation engagiert.<\/span><\/p>\n<\/div>\n<\/div>\n<\/div>\n<\/div>\n<\/div>\n<\/div>\n<\/div>\n<\/div>\n<\/div>\n<div id=\"cmsmasters_row_69f5b32e94a4e4_95106445\" class=\"cmsmasters_row cmsmasters_color_scheme_default cmsmasters_row_top_default cmsmasters_row_bot_default cmsmasters_row_boxed\">\n<div class=\"cmsmasters_row_outer_parent\">\n<div class=\"cmsmasters_row_outer\">\n<div class=\"cmsmasters_row_inner\">\n<div class=\"cmsmasters_row_margin\">\n<div class=\"cmsmasters_column one_first\">\n<div class=\"cmsmasters_text\">\n<h3><strong>3. <b>Umweltbewusstseinsstudie vom Umweltbundesamt<\/b><\/strong><\/h3>\n<p><span style=\"font-weight: 400\">Die \u201c<\/span><a href=\"https:\/\/www.umweltbundesamt.de\/sites\/default\/files\/medien\/5750\/publikationen\/2021_hgp_umweltbewusstseinsstudie_bf.pdf\" target=\"_blank\" rel=\"noopener\"><span style=\"font-weight: 400\">Umweltbewusstseinsstudie<\/span><\/a><span style=\"font-weight: 400\">\u201d vom Umweltbundesamt (UBA) feierte 2021 ihr 25-j\u00e4hriges Bestehen. Seither ermittelt die Studie alle zwei Jahre im Auftrag des Bundesministeriums f\u00fcr Umwelt, Naturschutz und nukleare Sicherheit (BMU) das Umweltbewusstsein der Deutschen. Bereits seit 2018 zeichnet sich demnach eine \u201cRenaissance\u201d eines gesteigerten Umweltbewusstseins ab. So wurde 2019 der Umwelt- und Klimaschutz sogar als das wichtigste Thema angesehen. 2020 wurde dies dann durch die Themen Bildung sowie &#8211; pandemiebedingt &#8211; den Zustand des Gesundheitssystems auf Platz 3 von insgesamt 13 Themen verdr\u00e4ngt. Auch in 2021 nimmt der Umwelt- und Klimaschutz wieder einen hohen Stellenwert f\u00fcr die B\u00fcrger:innen ein &#8211; obwohl andere Themen wie beispielsweise die Corona-Pandemie aktuell ja nach wie vor auch viel Aufmerksamkeit auf sich ziehen.<\/span><\/p>\n<\/div>\n<div id=\"cmsmasters_fb_69f5b32e94b4e2_91213164\" class=\"cmsmasters_featured_block\">\n<div class=\"featured_block_inner\">\n<div class=\"featured_block_text\">\n<h3><span style=\"color: #08c0bd\"><b>Ein starker R\u00fcckhalt f\u00fcr ein entschlossenes Handeln in der Klimaschutzpolitik<\/b><\/span><\/h3>\n<p><span style=\"font-weight: 400\">Ein weiterer Schwerpunkt der Befragung war die Haltung zu m\u00f6glichen klimapolitischen Ma\u00dfnahmen. Demnach gibt es einen breiten R\u00fcckhalt in der Bev\u00f6lkerung f\u00fcr ein entschlossenes Handeln bei der Klimaschutzpolitik im Sinne einer sozial-\u00f6kologischen Transformation. Mit 76 Prozent sind mehr als Dreiviertel der Deutschen der Ansicht, die Klimaschutzziele ehrgeiziger angehen zu m\u00fcssen und sehen es im eigenen Interesse von Deutschland, beim Klimaschutz voranzugehen.<\/span><\/p>\n<p><img loading=\"lazy\" decoding=\"async\" class=\"alignnone wp-image-9268 size-full\" src=\"https:\/\/good-search.org\/about\/wp-content\/uploads\/2022\/01\/3.png\" alt=\"\" width=\"1100\" height=\"557\" srcset=\"https:\/\/good-search.org\/about\/wp-content\/uploads\/2022\/01\/3.png 1100w, https:\/\/good-search.org\/about\/wp-content\/uploads\/2022\/01\/3-300x152.png 300w, https:\/\/good-search.org\/about\/wp-content\/uploads\/2022\/01\/3-768x389.png 768w, https:\/\/good-search.org\/about\/wp-content\/uploads\/2022\/01\/3-1024x519.png 1024w, https:\/\/good-search.org\/about\/wp-content\/uploads\/2022\/01\/3-580x294.png 580w, https:\/\/good-search.org\/about\/wp-content\/uploads\/2022\/01\/3-860x435.png 860w\" sizes=\"(max-width: 1100px) 100vw, 1100px\" \/><span style=\"font-weight: 400\">Ma\u00dfnahmen wie beispielsweise die CO2-Bepreisung, die in der \u00f6ffentlichen Debatte ja in Teilen sehr emotional gef\u00fchrt werde, werden von einer deutlichen Mehrheit positiv bewertet. Auch der Abbau klimasch\u00e4dlicher Subventionen und die F\u00f6rderung klimafreundlicher Produkte und Technologien wird von einem Gro\u00dfteil bef\u00fcrwortet. Diese Erkenntnisse k\u00f6nnten laut den Autor:innen der Studie \u201csowohl als Mahnung als auch als Ermutigung f\u00fcr die Politik betrachtet werden, beim Umwelt- und Klimaschutz mutiger voranzugehen\u201d.<\/span><\/p>\n<\/div>\n<\/div>\n<\/div>\n<\/div>\n<\/div>\n<\/div>\n<\/div>\n<\/div>\n<\/div>\n<div id=\"cmsmasters_row_69f5b32e94bc59_86095889\" class=\"cmsmasters_row cmsmasters_color_scheme_default cmsmasters_row_top_default cmsmasters_row_bot_default cmsmasters_row_boxed\">\n<div class=\"cmsmasters_row_outer_parent\">\n<div class=\"cmsmasters_row_outer\">\n<div class=\"cmsmasters_row_inner\">\n<div class=\"cmsmasters_row_margin\">\n<div class=\"cmsmasters_column one_first\">\n<div class=\"cmsmasters_text\">\n<h3><strong>4. <b>Volkswirtschaftliche Studie im PNAS Fachmagazin<\/b><\/strong><\/h3>\n<p><span style=\"font-weight: 400\">Dass sich ein mutiges Handeln beim Klimawandel auch volkswirtschaftlich rechnet, hat uns bereits 2006 der ehemalige Chef\u00f6konom der Weltbank, Nicholas Stern, vorgerechnet. In dem f\u00fcr die britische Regierung erstellten, viel zitierten Report hatte Stern ausgef\u00fchrt, dass es etwa ein Prozent des weltweiten j\u00e4hrlichen Bruttoinlandsprodukts kosten w\u00fcrde, um den weiteren Anstieg des CO2-Gehalts in der Atmosph\u00e4re innerhalb von 15 Jahren zu stoppen (also bis zum Jahr 2021!). Dies nicht zu tun w\u00fcrde mittelfristig das Bruttoinlandsprodukt weltweit um f\u00fcnf Prozent, wenn nicht gar deutlich h\u00f6her, belasten. Diese Ergebnisse hat nun eine <\/span><a href=\"https:\/\/www.pnas.org\/content\/118\/46\/e2104061118\" target=\"_blank\" rel=\"noopener\"><span style=\"font-weight: 400\">Studie<\/span><\/a><span style=\"font-weight: 400\"> weiter ausgemalt, die im renommierten Fachmagazin \u00bbProceedings of the National Academy of Sciences\u00ab (PNAS) vorgestellt wurde \u2013 mit einem unerwartet optimistischen Ausblick.\u00a0<\/span><\/p>\n<\/div>\n<div id=\"cmsmasters_fb_69f5b32e94cf56_29131136\" class=\"cmsmasters_featured_block\">\n<div class=\"featured_block_inner\">\n<div class=\"featured_block_text\">\n<h3 style=\"padding-left: 30px\"><span style=\"color: #08c0bd\"><b>Klimaschutz rechnet sich volkswirtschaftlich schneller als gedacht<\/b><\/span><\/h3>\n<p style=\"padding-left: 30px\"><span style=\"font-weight: 400\">Die Studie bei PNAS kam zu dem Schluss, dass sich klimapolitische Ma\u00dfnahmen deutlich schneller als gedacht rechnen w\u00fcrden. Die Wissenschaftler:innen um Drew Shindell von der Duke University setzen dabei ganz auf die positiven Effekte von Umweltschutz auf die Gesundheit der Menschen. Die Ma\u00dfnahmen zur <\/span><a href=\"https:\/\/www.deutschlandfunknova.de\/nachrichten\/bringts-was-klimaschutz-zahlt-sich-schnell-aus\"><span style=\"font-weight: 400\">Einhaltung des 2-Grad-Ziels<\/span><\/a><span style=\"font-weight: 400\"> insbesondere im Bereich der E-Mobilit\u00e4t und erneuerbare Energien w\u00fcrden zu weniger Abgasen f\u00fchren und zu einer verbesserten Luft beitragen. Das wiederum w\u00fcrde zu ges\u00fcnderen Menschen und besseren Ernteertr\u00e4gen f\u00fchren.\u00a0<\/span><\/p>\n<p style=\"padding-left: 30px\"><span style=\"font-weight: 400\">Bereits bis 2030 k\u00f6nnte der volkswirtschaftliche Gewinn der sauberen Luft das <\/span><a href=\"http:\/\/oekotest.de\/gesundheit-medikamente\/Studie-Klimaschutz-macht-sich-schon-kurzfristig-bezahlt-_12239_1.html\"><span style=\"font-weight: 400\">f\u00fcnf- bis 25-fache der Klimaschutz-Kosten<\/span><\/a><span style=\"font-weight: 400\"> betragen und innerhalb der n\u00e4chsten 40 Jahren auf 160 Billionen US-Dollar ansteigen, jeweils bezogen auf die USA. F\u00fcr ihre Berechnungen nutzten die Wissenschaftler:innen \u00fcbrigens die Szenarien der eingangs erw\u00e4hnten IPCC-Studie.\u00a0<\/span><\/p>\n<p style=\"padding-left: 30px\"><span style=\"font-weight: 400\">Deutlich n\u00fcchterner in ihren Annahmen d\u00fcrfte dagegen die <\/span><a href=\"https:\/\/www.umweltbundesamt.de\/sites\/default\/files\/medien\/1410\/publikationen\/2019-05-07_texte_15-2019_chancen-klimaschutz_kurzbericht_de.pdf\"><span style=\"font-weight: 400\">Studie des Umweltbundesamtes<\/span><\/a><span style=\"font-weight: 400\"> aus dem Jahr 2019 sein. Hier hatten die Wissenschaftler:innen ermittelt, dass durch einen ambitionierten Klimaschutz das Bruttoinlandsprodukt Deutschlands in 2030 um rund 30 Milliarden Euro h\u00f6her liegen k\u00f6nnte im Vergleich zum Szenario ohne ambitionierten Klimaschutz. Der Klimaschutz w\u00fcrde das Bruttosozialprodukt unmittelbar steigern, nicht absenken.<\/span><\/p>\n<\/div>\n<\/div>\n<\/div>\n<\/div>\n<\/div>\n<\/div>\n<\/div>\n<\/div>\n<\/div>\n<div id=\"cmsmasters_row_69f5b32e94d909_65481140\" class=\"cmsmasters_row cmsmasters_color_scheme_default cmsmasters_row_top_default cmsmasters_row_bot_default cmsmasters_row_boxed\">\n<div class=\"cmsmasters_row_outer_parent\">\n<div class=\"cmsmasters_row_outer\">\n<div class=\"cmsmasters_row_inner\">\n<div class=\"cmsmasters_row_margin\">\n<div class=\"cmsmasters_column one_first\">\n<div class=\"cmsmasters_text\">\n<p><span style=\"font-weight: 400\">Die hier vorgestellten Studien machen auf jeden Fall Mut, die Klimaziele weiter ehrgeizig zu verfolgen &#8211; im Privaten, genauso wie in der Wirtschaft und Politik. Vor allem politische Ma\u00dfnahmen, die einen Rahmen schaffen, werden dabei von der breiten Bev\u00f6lkerung weitgehend positiv bewertet. Worauf also noch warten?<\/span><\/p>\n<\/div>\n<\/div>\n<\/div>\n<\/div>\n<\/div>\n<\/div>\n<\/div>\n<div id=\"cmsmasters_row_69f5b32e94eed7_32629406\" class=\"cmsmasters_row cmsmasters_color_scheme_default cmsmasters_row_top_default cmsmasters_row_bot_default cmsmasters_row_boxed\">\n<div class=\"cmsmasters_row_outer_parent\">\n<div class=\"cmsmasters_row_outer\">\n<div class=\"cmsmasters_row_inner\">\n<div class=\"cmsmasters_row_margin\">\n<div class=\"cmsmasters_column one_first\">\n<div class=\"cmsmasters_text\">\n<p>&nbsp;<\/p>\n<\/div>\n<\/div>\n<\/div>\n<\/div>\n<\/div>\n<\/div>\n<\/div>\n\n","protected":false},"excerpt":{"rendered":"<p>Mit dieser Auswahl an Studien wollen wir Mut machen. Sie zeigen, dass ihr mit eurem Engagement f\u00fcr Umwelt- und Klimaschutz nicht alleine seid und dass sich beherztes Handeln auch heute noch lohnt.<\/p>\n","protected":false},"author":12,"featured_media":9144,"comment_status":"closed","ping_status":"closed","sticky":false,"template":"","format":"standard","meta":{"_acf_changed":false,"footnotes":""},"categories":[34],"tags":[],"acf":[],"_links":{"self":[{"href":"https:\/\/good-search.org\/about\/wp-json\/wp\/v2\/posts\/9125"}],"collection":[{"href":"https:\/\/good-search.org\/about\/wp-json\/wp\/v2\/posts"}],"about":[{"href":"https:\/\/good-search.org\/about\/wp-json\/wp\/v2\/types\/post"}],"author":[{"embeddable":true,"href":"https:\/\/good-search.org\/about\/wp-json\/wp\/v2\/users\/12"}],"replies":[{"embeddable":true,"href":"https:\/\/good-search.org\/about\/wp-json\/wp\/v2\/comments?post=9125"}],"version-history":[{"count":38,"href":"https:\/\/good-search.org\/about\/wp-json\/wp\/v2\/posts\/9125\/revisions"}],"predecessor-version":[{"id":11332,"href":"https:\/\/good-search.org\/about\/wp-json\/wp\/v2\/posts\/9125\/revisions\/11332"}],"wp:featuredmedia":[{"embeddable":true,"href":"https:\/\/good-search.org\/about\/wp-json\/wp\/v2\/media\/9144"}],"wp:attachment":[{"href":"https:\/\/good-search.org\/about\/wp-json\/wp\/v2\/media?parent=9125"}],"wp:term":[{"taxonomy":"category","embeddable":true,"href":"https:\/\/good-search.org\/about\/wp-json\/wp\/v2\/categories?post=9125"},{"taxonomy":"post_tag","embeddable":true,"href":"https:\/\/good-search.org\/about\/wp-json\/wp\/v2\/tags?post=9125"}],"curies":[{"name":"wp","href":"https:\/\/api.w.org\/{rel}","templated":true}]}}