{"id":7975,"date":"2021-06-13T07:42:11","date_gmt":"2021-06-13T07:42:11","guid":{"rendered":"https:\/\/good-search.org\/about\/?p=7975"},"modified":"2022-10-24T12:39:59","modified_gmt":"2022-10-24T12:39:59","slug":"17-ziele-bessere-lebensqualitaet-im-alter-dank-dieser-oesterreichischen-sozialunternehmen","status":"publish","type":"post","link":"https:\/\/good-search.org\/about\/blog\/17-ziele-bessere-lebensqualitaet-im-alter-dank-dieser-oesterreichischen-sozialunternehmen\/","title":{"rendered":"17 Ziele: Bessere Lebensqualit\u00e4t im Alter dank dieser \u00f6sterreichischen Sozialunternehmen"},"content":{"rendered":"<style type=\"text\/css\"> \n#cmsmasters_row_69f06582136a69_50380885 .cmsmasters_row_outer_parent { \n\tpadding-top: 20px; \n} \n\n#cmsmasters_row_69f06582136a69_50380885 .cmsmasters_row_outer_parent { \n\tpadding-bottom: 15px; \n} \n\n \n#cmsmasters_row_69f065821395a5_34494041 .cmsmasters_row_outer_parent { \n\tpadding-top: 0px; \n} \n\n#cmsmasters_row_69f065821395a5_34494041 .cmsmasters_row_outer_parent { \n\tpadding-bottom: 30px; \n} \n\n \n#cmsmasters_row_69f0658213a4a3_76633008 .cmsmasters_row_outer_parent { \n\tpadding-top: 0px; \n} \n\n#cmsmasters_row_69f0658213a4a3_76633008 .cmsmasters_row_outer_parent { \n\tpadding-bottom: 10px; \n} \n\n \n#cmsmasters_row_69f0658213ad20_51342634 .cmsmasters_row_outer_parent { \n\tpadding-top: 0px; \n} \n\n#cmsmasters_row_69f0658213ad20_51342634 .cmsmasters_row_outer_parent { \n\tpadding-bottom: 40px; \n} \n\n \n#cmsmasters_row_69f0658213ddb5_27445867 .cmsmasters_row_outer_parent { \n\tpadding-top: 0px; \n} \n\n#cmsmasters_row_69f0658213ddb5_27445867 .cmsmasters_row_outer_parent { \n\tpadding-bottom: 40px; \n} \n\n \n#cmsmasters_row_69f0658213f9a8_51042247 .cmsmasters_row_outer_parent { \n\tpadding-top: 0px; \n} \n\n#cmsmasters_row_69f0658213f9a8_51042247 .cmsmasters_row_outer_parent { \n\tpadding-bottom: 40px; \n} \n\n \n#cmsmasters_row_69f06582141540_97136302 .cmsmasters_row_outer_parent { \n\tpadding-top: 0px; \n} \n\n#cmsmasters_row_69f06582141540_97136302 .cmsmasters_row_outer_parent { \n\tpadding-bottom: 10px; \n} \n\n \n#cmsmasters_row_69f065821420c2_89982861 .cmsmasters_row_outer_parent { \n\tpadding-top: 0px; \n} \n\n#cmsmasters_row_69f065821420c2_89982861 .cmsmasters_row_outer_parent { \n\tpadding-bottom: 50px; \n} \n\n \n#cmsmasters_row_69f06582144345_84360445 .cmsmasters_row_outer_parent { \n\tpadding-top: 0px; \n} \n\n#cmsmasters_row_69f06582144345_84360445 .cmsmasters_row_outer_parent { \n\tpadding-bottom: 50px; \n} \n\n \n#cmsmasters_row_69f06582146187_23583254 .cmsmasters_row_outer_parent { \n\tpadding-top: 0px; \n} \n\n#cmsmasters_row_69f06582146187_23583254 .cmsmasters_row_outer_parent { \n\tpadding-bottom: 50px; \n} \n\n \n#cmsmasters_row_69f06582148388_12812986 .cmsmasters_row_outer_parent { \n\tpadding-top: 30px; \n} \n\n#cmsmasters_row_69f06582148388_12812986 .cmsmasters_row_outer_parent { \n\tpadding-bottom: 50px; \n} \n\n \n#cmsmasters_row_69f06582148f43_85616489 .cmsmasters_row_outer_parent { \n\tpadding-top: 0px; \n} \n\n#cmsmasters_row_69f06582148f43_85616489 .cmsmasters_row_outer_parent { \n\tpadding-bottom: 50px; \n} \n\n \n#cmsmasters_row_69f0658214aa58_03011391 .cmsmasters_row_outer_parent { \n\tpadding-top: 0px; \n} \n\n#cmsmasters_row_69f0658214aa58_03011391 .cmsmasters_row_outer_parent { \n\tpadding-bottom: 50px; \n} \n\n \n#cmsmasters_row_69f0658214c638_03196623 .cmsmasters_row_outer_parent { \n\tpadding-top: 30px; \n} \n\n#cmsmasters_row_69f0658214c638_03196623 .cmsmasters_row_outer_parent { \n\tpadding-bottom: 50px; \n} \n\n \n#cmsmasters_row_69f0658214cff8_68720867 .cmsmasters_row_outer_parent { \n\tpadding-top: 0px; \n} \n\n#cmsmasters_row_69f0658214cff8_68720867 .cmsmasters_row_outer_parent { \n\tpadding-bottom: 10px; \n} \n\n \n#cmsmasters_row_69f0658214d7b0_60940931 .cmsmasters_row_outer_parent { \n\tpadding-top: 0px; \n} \n\n#cmsmasters_row_69f0658214d7b0_60940931 .cmsmasters_row_outer_parent { \n\tpadding-bottom: 50px; \n} \n\n \n#cmsmasters_row_69f0658214e723_40698475 .cmsmasters_row_outer_parent { \n\tpadding-top: 0px; \n} \n\n#cmsmasters_row_69f0658214e723_40698475 .cmsmasters_row_outer_parent { \n\tpadding-bottom: 50px; \n} \n\n \n#cmsmasters_row_69f0658214f567_98259323 .cmsmasters_row_outer_parent { \n\tpadding-top: 30px; \n} \n\n#cmsmasters_row_69f0658214f567_98259323 .cmsmasters_row_outer_parent { \n\tpadding-bottom: 20px; \n} \n\n \n#cmsmasters_divider_69f065821504d4_21158138 { \n\tborder-bottom-width:0px; \n\tborder-bottom-style:solid; \n\tpadding-top:60px; \n\tmargin-bottom:14px; \n} \n \n#cmsmasters_divider_69f06582150f53_93371614 { \n\tborder-bottom-width:0px; \n\tborder-bottom-style:solid; \n\tpadding-top:40px; \n\tmargin-bottom:14px; \n} \n \n#cmsmasters_row_69f065821512e7_60294227 .cmsmasters_row_outer_parent { \n\tpadding-top: 0px; \n} \n\n#cmsmasters_row_69f065821512e7_60294227 .cmsmasters_row_outer_parent { \n\tpadding-bottom: 10px; \n} \n\n<\/style><div id=\"cmsmasters_row_69f06582136a69_50380885\" class=\"cmsmasters_row cmsmasters_color_scheme_default cmsmasters_row_top_default cmsmasters_row_bot_default cmsmasters_row_boxed\">\n<div class=\"cmsmasters_row_outer_parent\">\n<div class=\"cmsmasters_row_outer\">\n<div class=\"cmsmasters_row_inner\">\n<div class=\"cmsmasters_row_margin\">\n<div class=\"cmsmasters_column one_first\">\n<div class=\"cmsmasters_text\">\n<figure id=\"attachment_8007\" aria-describedby=\"caption-attachment-8007\" style=\"width: 1100px\" class=\"wp-caption alignnone\"><img loading=\"lazy\" decoding=\"async\" class=\"size-full wp-image-8007\" src=\"https:\/\/good-search.org\/about\/wp-content\/uploads\/2021\/06\/17-ziele-bessere-lebensqualitaet-im-alter.jpg\" alt=\"\" width=\"1100\" height=\"688\" srcset=\"https:\/\/good-search.org\/about\/wp-content\/uploads\/2021\/06\/17-ziele-bessere-lebensqualitaet-im-alter.jpg 1100w, https:\/\/good-search.org\/about\/wp-content\/uploads\/2021\/06\/17-ziele-bessere-lebensqualitaet-im-alter-300x188.jpg 300w, https:\/\/good-search.org\/about\/wp-content\/uploads\/2021\/06\/17-ziele-bessere-lebensqualitaet-im-alter-768x480.jpg 768w, https:\/\/good-search.org\/about\/wp-content\/uploads\/2021\/06\/17-ziele-bessere-lebensqualitaet-im-alter-1024x640.jpg 1024w, https:\/\/good-search.org\/about\/wp-content\/uploads\/2021\/06\/17-ziele-bessere-lebensqualitaet-im-alter-580x363.jpg 580w, https:\/\/good-search.org\/about\/wp-content\/uploads\/2021\/06\/17-ziele-bessere-lebensqualitaet-im-alter-860x538.jpg 860w\" sizes=\"(max-width: 1100px) 100vw, 1100px\" \/><figcaption id=\"caption-attachment-8007\" class=\"wp-caption-text\">\u00a9 Nick Karvounis \/ Unsplash<\/figcaption><\/figure>\n<\/div>\n<\/div>\n<\/div>\n<\/div>\n<\/div>\n<\/div>\n<\/div>\n<div id=\"cmsmasters_row_69f065821395a5_34494041\" class=\"cmsmasters_row cmsmasters_color_scheme_default cmsmasters_row_top_default cmsmasters_row_bot_default cmsmasters_row_boxed\">\n<div class=\"cmsmasters_row_outer_parent\">\n<div class=\"cmsmasters_row_outer\">\n<div class=\"cmsmasters_row_inner\">\n<div class=\"cmsmasters_row_margin\">\n<div class=\"cmsmasters_column one_first\">\n<div class=\"cmsmasters_text\">\n<h3><strong>Das \u00c4lterwerden geht uns alle an! Daher ist es wichtig, sich bereits heute Gedanken zu machen, wie wir auch im Alter gut leben k\u00f6nnen. Wir stellen euch 8 Sozialunternehmen aus \u00d6sterreich vor, die sich mit ihrer Arbeit vor allem f\u00fcr das SDG #3 &#8211; \u201cGesundheit und Wohlergehen\u201d einsetzen.<\/strong><\/h3>\n<\/div>\n<\/div>\n<\/div>\n<\/div>\n<\/div>\n<\/div>\n<\/div>\n<div id=\"cmsmasters_row_69f0658213a4a3_76633008\" class=\"cmsmasters_row cmsmasters_color_scheme_default cmsmasters_row_top_default cmsmasters_row_bot_default cmsmasters_row_boxed\">\n<div class=\"cmsmasters_row_outer_parent\">\n<div class=\"cmsmasters_row_outer\">\n<div class=\"cmsmasters_row_inner\">\n<div class=\"cmsmasters_row_margin\">\n<div class=\"cmsmasters_column one_first\">\n<div class=\"cmsmasters_text\">\n<p><span style=\"font-weight: 400\">Die Gesellschaft wird in vielen Teilen der Welt immer \u00e4lter, auch in \u00d6sterreich. Begr\u00fcndet durch eine relativ niedrige Geburtenrate sowie einer steigenden Lebenserwartung wird sich auch die \u00f6sterreichische Gesellschaft <\/span><a href=\"https:\/\/de.statista.com\/statistik\/daten\/studie\/217431\/umfrage\/altersstruktur-in-oesterreich\/\" target=\"_blank\" rel=\"noopener\"><span style=\"font-weight: 400\">laut Prognosen<\/span><\/a><span style=\"font-weight: 400\"> eher in Richtung 65+ verschieben. Und da uns das \u00c4lterwerden alle betrifft, ist es wichtig, sich bereits heute Gedanken zu machen, wie wir im Alter gut leben k\u00f6nnen. Hier stellen wir euch acht \u00f6sterreichische Sozialunternehmen vor, die sich mit ihrer Arbeit allesamt auf ihre Art und Weise f\u00fcr eine bessere Lebensqualit\u00e4t im Alter engagieren. Somit leisten sie alle einen wichtigen Beitrag f\u00fcr das SDG #3 &#8211; \u201cGesundheit und Wohlergehen\u201d sowie das SDG #8 &#8211; \u201cMenschenw\u00fcrdige Arbeit und Wachstum\u201d.<\/span><\/p>\n<p>&nbsp;<\/p>\n<\/div>\n<\/div>\n<\/div>\n<\/div>\n<\/div>\n<\/div>\n<\/div>\n<div id=\"cmsmasters_row_69f0658213ad20_51342634\" class=\"cmsmasters_row cmsmasters_color_scheme_default cmsmasters_row_top_default cmsmasters_row_bot_default cmsmasters_row_boxed\">\n<div class=\"cmsmasters_row_outer_parent\">\n<div class=\"cmsmasters_row_outer\">\n<div class=\"cmsmasters_row_inner\">\n<div class=\"cmsmasters_row_margin\">\n<div class=\"cmsmasters_column one_fourth\">\n<div class=\"cmsmasters_img  cmsmasters_image_n\">\n<img decoding=\"async\" src=\"https:\/\/good-search.org\/about\/wp-content\/uploads\/2021\/06\/WB_mainlogo-2c_small-300x71.jpeg\" \/>\n<\/div>\n<\/div>\n<div class=\"cmsmasters_column three_fourth\">\n<div class=\"cmsmasters_text\">\n<p><strong>Mit Wohnbuddy eine WG f\u00fcr Jung &amp; Alt gr\u00fcnden<\/strong><\/p>\n<p><span style=\"font-weight: 400\">Mehrgenerationenh\u00e4user erfreuen sich vielerorts immer gr\u00f6\u00dferer Beliebtheit! Die Plattform \u201c<\/span><a href=\"https:\/\/www.wohnbuddy.com\/\" target=\"_blank\" rel=\"noopener\"><span style=\"font-weight: 400\">Wohnbuddy<\/span><\/a><span style=\"font-weight: 400\">\u201d aus Wien bringt \u00e4ltere Menschen sowie Pflege- und Senioreneinrichtungen mit jungen Menschen zusammen, indem WG-Zimmer vermittelt werden und erm\u00f6glicht so ein generationen\u00fcbergreifendes Zusammenleben. Junge Menschen, die auf der Suche nach erschwinglichen Wohnraum sind, werden zu passenden Wohnpartner:innen, die wiederum Zeit f\u00fcr gemeinsame Aktivit\u00e4ten sowie Unterst\u00fctzung im Alltag zur Verf\u00fcgung stellen.<\/span><\/p>\n<\/div>\n<\/div>\n<\/div>\n<\/div>\n<\/div>\n<\/div>\n<\/div>\n<div id=\"cmsmasters_row_69f0658213ddb5_27445867\" class=\"cmsmasters_row cmsmasters_color_scheme_default cmsmasters_row_top_default cmsmasters_row_bot_default cmsmasters_row_boxed\">\n<div class=\"cmsmasters_row_outer_parent\">\n<div class=\"cmsmasters_row_outer\">\n<div class=\"cmsmasters_row_inner\">\n<div class=\"cmsmasters_row_margin\">\n<div class=\"cmsmasters_column one_fourth\">\n<div class=\"cmsmasters_img  cmsmasters_image_n\">\n<img decoding=\"async\" src=\"https:\/\/good-search.org\/about\/wp-content\/uploads\/2021\/06\/logo_green-2-300x160.png\" \/>\n<\/div>\n<\/div>\n<div class=\"cmsmasters_column three_fourth\">\n<div class=\"cmsmasters_text\">\n<p><strong>Zeitpolster &#8211; heute Zeit schenken, morgen welche bekommen<\/strong><\/p>\n<p><span style=\"font-weight: 400\">Ganz nach dem Motto \u201cHeute helfe ich, morgen wird mir geholfen\u201d setzt sich die Plattform \u201c<\/span><a href=\"https:\/\/www.zeitpolster.com\/\" target=\"_blank\" rel=\"noopener\"><span style=\"font-weight: 400\">Zeitpolster<\/span><\/a><span style=\"font-weight: 400\">\u201d daf\u00fcr ein, dass Menschen zueinander finden, die sich gegenseitig bei einer Vielzahl von Aktivit\u00e4ten aushelfen k\u00f6nnen. Ganz egal ob Fahrdienst, Begleitung zu \u00c4rzt:innen, zur Beh\u00f6rde oder in den Supermarkt, Unterst\u00fctzung bei der Hausarbeit oder einfach einen gemeinsamen\u00a0 Ausflug in die Natur unternehmen: Zeitpolster ist das Betreuungs- und Vorsorgenetz und die Zeits\u00e4ule f\u00fcr eine pers\u00f6nliche Altersvorsorge. Nachdem man selbst ausgeholfen hat, erh\u00e4lt man eine Zeitgutschrift, die man sp\u00e4ter einl\u00f6sen kann, wenn man selbst auf Unterst\u00fctzung angewiesen ist.<\/span><\/p>\n<\/div>\n<\/div>\n<\/div>\n<\/div>\n<\/div>\n<\/div>\n<\/div>\n<div id=\"cmsmasters_row_69f0658213f9a8_51042247\" class=\"cmsmasters_row cmsmasters_color_scheme_default cmsmasters_row_top_default cmsmasters_row_bot_default cmsmasters_row_boxed\">\n<div class=\"cmsmasters_row_outer_parent\">\n<div class=\"cmsmasters_row_outer\">\n<div class=\"cmsmasters_row_inner\">\n<div class=\"cmsmasters_row_margin\">\n<div class=\"cmsmasters_column one_fourth\">\n<div class=\"cmsmasters_img  cmsmasters_image_n\">\n<img decoding=\"async\" src=\"https:\/\/good-search.org\/about\/wp-content\/uploads\/2021\/06\/logo_transparent.png\" \/>\n<\/div>\n<\/div>\n<div class=\"cmsmasters_column three_fourth\">\n<div class=\"cmsmasters_text\">\n<p><strong>Mehr Solidarit\u00e4t zwischen den Generationen mit dem Verein Unruhestand aktiv f\u00f6rdern<\/strong><\/p>\n<p><span style=\"font-weight: 400\">Der gemeinn\u00fctzige Verein \u201c<\/span><a href=\"https:\/\/www.unruhestandaktiv.at\/\" target=\"_blank\" rel=\"noopener\"><span style=\"font-weight: 400\">Unruhestand aktiv<\/span><\/a><span style=\"font-weight: 400\">\u201d setzt sich mit seinen Aktivit\u00e4ten f\u00fcr mehr Generationensolidarit\u00e4t ein. Durch die Schaffung von Spiel-, Lern- und Werkr\u00e4umen soll nicht nur lebenslanges Lernen\u00a0 gef\u00f6rdert werden, sondern Orte geschaffen werden, an denen unterschiedliche Generationen und Kulturen aufeinander treffen k\u00f6nnen. So veranstaltet der Verein beispielsweise jeden ersten Montag im Monat ein Repair Caf\u00e9 im \u201cATRIO Villach\u201d. Hier kommen Menschen zusammen, die sich beim Reparieren von Ger\u00e4ten und lieb gewordenen Gegenst\u00e4nden gegenseitig unterst\u00fctzen. Zudem gibt es einen Expert:innenspielplatz, bei dem man gemeinsam etwas Lernen und Ideen zu den verschiedensten Themen austauschen kann.\u00a0<\/span><\/p>\n<\/div>\n<\/div>\n<\/div>\n<\/div>\n<\/div>\n<\/div>\n<\/div>\n<div id=\"cmsmasters_row_69f06582141540_97136302\" class=\"cmsmasters_row cmsmasters_color_scheme_default cmsmasters_row_top_default cmsmasters_row_bot_default cmsmasters_row_boxed\">\n<div class=\"cmsmasters_row_outer_parent\">\n<div class=\"cmsmasters_row_outer\">\n<div class=\"cmsmasters_row_inner\">\n<div class=\"cmsmasters_row_margin\">\n<div class=\"cmsmasters_column one_first\">\n<div class=\"cmsmasters_text\">\n<figure id=\"attachment_8001\" aria-describedby=\"caption-attachment-8001\" style=\"width: 1100px\" class=\"wp-caption alignnone\"><img loading=\"lazy\" decoding=\"async\" class=\"wp-image-8001 size-full\" src=\"https:\/\/good-search.org\/about\/wp-content\/uploads\/2021\/06\/Wohnbuddy.jpg\" alt=\"\" width=\"1100\" height=\"688\" srcset=\"https:\/\/good-search.org\/about\/wp-content\/uploads\/2021\/06\/Wohnbuddy.jpg 1100w, https:\/\/good-search.org\/about\/wp-content\/uploads\/2021\/06\/Wohnbuddy-300x188.jpg 300w, https:\/\/good-search.org\/about\/wp-content\/uploads\/2021\/06\/Wohnbuddy-768x480.jpg 768w, https:\/\/good-search.org\/about\/wp-content\/uploads\/2021\/06\/Wohnbuddy-1024x640.jpg 1024w, https:\/\/good-search.org\/about\/wp-content\/uploads\/2021\/06\/Wohnbuddy-580x363.jpg 580w, https:\/\/good-search.org\/about\/wp-content\/uploads\/2021\/06\/Wohnbuddy-860x538.jpg 860w\" sizes=\"(max-width: 1100px) 100vw, 1100px\" \/><figcaption id=\"caption-attachment-8001\" class=\"wp-caption-text\">\u00a9 Wohnbuddy<\/figcaption><\/figure>\n<p style=\"text-align: center\">Wohnbuddy ist eine Wohn-Plattform f\u00fcr Jung und Alt, die\u00a0\u00e4lteren Menschen<br \/>\nsowie Senioren- und Pflegewohnh\u00e4usern passende Wohnpartner vermitteln.<\/p>\n<p>&nbsp;<\/p>\n<\/div>\n<\/div>\n<\/div>\n<\/div>\n<\/div>\n<\/div>\n<\/div>\n<div id=\"cmsmasters_row_69f065821420c2_89982861\" class=\"cmsmasters_row cmsmasters_color_scheme_default cmsmasters_row_top_default cmsmasters_row_bot_default cmsmasters_row_boxed\">\n<div class=\"cmsmasters_row_outer_parent\">\n<div class=\"cmsmasters_row_outer\">\n<div class=\"cmsmasters_row_inner\">\n<div class=\"cmsmasters_row_margin\">\n<div class=\"cmsmasters_column one_fourth\">\n<div class=\"cmsmasters_img  cmsmasters_image_n\">\n<img decoding=\"async\" src=\"https:\/\/good-search.org\/about\/wp-content\/uploads\/2021\/06\/backademie-desktop-blau-1-300x94.jpg\" \/>\n<\/div>\n<\/div>\n<div class=\"cmsmasters_column three_fourth\">\n<div class=\"cmsmasters_text\">\n<p><strong>Vollpension &#8211; Ein kreatives Mehrgenerationencaf\u00e9 gegen die Einsamkeit<\/strong><\/p>\n<p><span style=\"font-weight: 400\">Vor allem in gr\u00f6\u00dferen St\u00e4dten ist Einsamkeit ein echtes Problem f\u00fcr viele \u00e4ltere Menschen. Mit dem Mehrgenerationencaf\u00e9 \u201c<\/span><a href=\"https:\/\/www.vollpension.wien\/\" target=\"_blank\" rel=\"noopener\"><span style=\"font-weight: 400\">Vollpension<\/span><\/a><span style=\"font-weight: 400\">\u201d geh\u00f6rt dies in Wien der Vergangenheit an. In insgesamt zwei Lokalit\u00e4ten backen Omas und Opas eine Vielzahl von Kuchen und S\u00fc\u00dfspeisen und treffen dabei auf neue und unterschiedliche Menschen. Durch ihre Arbeit k\u00f6nnen sich die Rentner:innen etwas zu ihrer Pension dazu verdienen und zugleich einer T\u00e4tigkeit nachgehen, die ihnen Freude bringt. Zuletzt haben die Initiator*innen die <\/span><a href=\"https:\/\/www.vollpension.wien\/backademie\/\" target=\"_blank\" rel=\"noopener\"><span style=\"font-weight: 400\">Backademie<\/span><\/a><span style=\"font-weight: 400\"> ins Leben gerufen, bei denen die Omas und Opas der Vollpension ihre Lebens- und Backerfahrung in diversen Online-Kursen teilen. So kann man das Caf\u00e9 auch w\u00e4hrend der Pandemie unterst\u00fctzen und sich die k\u00f6stlichen Mehlspeisen in die eigenen vier W\u00e4nde zaubern.<\/span><\/p>\n<\/div>\n<\/div>\n<\/div>\n<\/div>\n<\/div>\n<\/div>\n<\/div>\n<div id=\"cmsmasters_row_69f06582144345_84360445\" class=\"cmsmasters_row cmsmasters_color_scheme_default cmsmasters_row_top_default cmsmasters_row_bot_default cmsmasters_row_boxed\">\n<div class=\"cmsmasters_row_outer_parent\">\n<div class=\"cmsmasters_row_outer\">\n<div class=\"cmsmasters_row_inner\">\n<div class=\"cmsmasters_row_margin\">\n<div class=\"cmsmasters_column one_fourth\">\n<div class=\"cmsmasters_img  cmsmasters_image_n\">\n<img decoding=\"async\" src=\"https:\/\/good-search.org\/about\/wp-content\/uploads\/2021\/06\/chn-logo-design-rgb-768x768-300x300.png\" \/>\n<\/div>\n<\/div>\n<div class=\"cmsmasters_column three_fourth\">\n<div class=\"cmsmasters_text\">\n<p><strong>Als Community Health Nurse einen sinnstiftenden Beruf aus\u00fcben<\/strong><\/p>\n<p><span style=\"font-weight: 400\">Eine <\/span><a href=\"https:\/\/community-health-nurse.at\/\" target=\"_blank\" rel=\"noopener\"><span style=\"font-weight: 400\">Community Health Nurse<\/span><\/a><span style=\"font-weight: 400\"> (kurz: CHN) unterst\u00fctzt Menschen bei der Bew\u00e4ltigung ihres Alltags. Was zu Deutsch soviel bedeutet wie Gemeindeschwester ist ein fast vergessenes Berufsfeld, dass in Zeiten von Pflegenotstand wichtiger denn je ist und jetzt zu neuem Leben erwacht. Neben der Betreuung von pflegebed\u00fcrftigen Menschen und ihrer Angeh\u00f6rigen, sorgt man als Gemeindeschwester daf\u00fcr, dass \u00c4rzt:innen, Therapeut:innen, Sozialarbeiter:innen und Pflegepersonal Hand in Hand arbeiten. Man steuert, koordiniert, ber\u00e4t, \u00fcberwacht, begleitet und vernetzt Menschen und kann somit sehr viele berufliche Schwerpunkte setzen. In nur sechs Wochen k\u00f6nnen sich Menschen, die im Gesundheits- und Krankenpflegebereich t\u00e4tig sind, zur CHN ausbilden lassen und so einer Vielzahl von Menschen helfen.<\/span><\/p>\n<\/div>\n<\/div>\n<\/div>\n<\/div>\n<\/div>\n<\/div>\n<\/div>\n<div id=\"cmsmasters_row_69f06582146187_23583254\" class=\"cmsmasters_row cmsmasters_color_scheme_default cmsmasters_row_top_default cmsmasters_row_bot_default cmsmasters_row_boxed\">\n<div class=\"cmsmasters_row_outer_parent\">\n<div class=\"cmsmasters_row_outer\">\n<div class=\"cmsmasters_row_inner\">\n<div class=\"cmsmasters_row_margin\">\n<div class=\"cmsmasters_column one_fourth\">\n<div class=\"cmsmasters_img  cmsmasters_image_n\">\n<img decoding=\"async\" src=\"https:\/\/good-search.org\/about\/wp-content\/uploads\/2021\/06\/junalogo-1-1.jpg\" \/>\n<\/div>\n<\/div>\n<div class=\"cmsmasters_column three_fourth\">\n<div class=\"cmsmasters_text\">\n<p><strong>Mit JunA f\u00fcr eine demenzsensibilisierte Gesellschaft vorsorgen<\/strong><\/p>\n<p><span style=\"font-weight: 400\">Heute leben Sch\u00e4tzungen zufolge etwa 130.000 Menschen mit einer irgendeiner Form der Demenz in \u00d6sterreich. Auch k\u00fcnftig wird sich dieser Trend aufgrund des Alteranstiegs in der Bev\u00f6lkerung fortsetzen und sogar ansteigen. \u201c<\/span><a href=\"https:\/\/schenk-ein-demenzlaecheln.com\/\" target=\"_blank\" rel=\"noopener\"><span style=\"font-weight: 400\">JunA<\/span><\/a><span style=\"font-weight: 400\">\u201d steht f\u00fcr Jung und Alt und ist ein innovatives Generationenprojekt, dass sich daf\u00fcr einsetzt, Menschen mit Demenz so lange wie m\u00f6glich selbstbestimmt im eigenen Zuhause leben zu lassen. Dies soll durch eine demenzsensibilisierte Gesellschaft sichergestellt werden, die die Betroffenen dabei st\u00fctzt und begleitet. Mit ihrem interaktiven Schulprogramm zur Demenzbildung geht JunA direkt an die Schulen, von der Primarstufe bis hin zur Sekundarstufe II und sorgt so f\u00fcr ein k\u00fcnftiges Miteinander ohne Ber\u00fchrungs\u00e4ngste.<\/span><\/p>\n<\/div>\n<\/div>\n<\/div>\n<\/div>\n<\/div>\n<\/div>\n<\/div>\n<div id=\"cmsmasters_row_69f06582148388_12812986\" class=\"cmsmasters_row cmsmasters_color_scheme_default cmsmasters_row_top_default cmsmasters_row_bot_default cmsmasters_row_boxed\">\n<div class=\"cmsmasters_row_outer_parent\">\n<div class=\"cmsmasters_row_outer\">\n<div class=\"cmsmasters_row_inner\">\n<div class=\"cmsmasters_row_margin\">\n<div class=\"cmsmasters_column one_first\">\n<div class=\"cmsmasters_text\">\n<figure id=\"attachment_8002\" aria-describedby=\"caption-attachment-8002\" style=\"width: 1100px\" class=\"wp-caption alignnone\"><img loading=\"lazy\" decoding=\"async\" class=\"wp-image-8002 size-full\" src=\"https:\/\/good-search.org\/about\/wp-content\/uploads\/2021\/06\/Mark-Glasser_OMAsterclass_Perlen-d-Wiener-Mehlspeisekunst_1100.jpg\" alt=\"\" width=\"1100\" height=\"688\" srcset=\"https:\/\/good-search.org\/about\/wp-content\/uploads\/2021\/06\/Mark-Glasser_OMAsterclass_Perlen-d-Wiener-Mehlspeisekunst_1100.jpg 1100w, https:\/\/good-search.org\/about\/wp-content\/uploads\/2021\/06\/Mark-Glasser_OMAsterclass_Perlen-d-Wiener-Mehlspeisekunst_1100-300x188.jpg 300w, https:\/\/good-search.org\/about\/wp-content\/uploads\/2021\/06\/Mark-Glasser_OMAsterclass_Perlen-d-Wiener-Mehlspeisekunst_1100-768x480.jpg 768w, https:\/\/good-search.org\/about\/wp-content\/uploads\/2021\/06\/Mark-Glasser_OMAsterclass_Perlen-d-Wiener-Mehlspeisekunst_1100-1024x640.jpg 1024w, https:\/\/good-search.org\/about\/wp-content\/uploads\/2021\/06\/Mark-Glasser_OMAsterclass_Perlen-d-Wiener-Mehlspeisekunst_1100-580x363.jpg 580w, https:\/\/good-search.org\/about\/wp-content\/uploads\/2021\/06\/Mark-Glasser_OMAsterclass_Perlen-d-Wiener-Mehlspeisekunst_1100-860x538.jpg 860w\" sizes=\"(max-width: 1100px) 100vw, 1100px\" \/><figcaption id=\"caption-attachment-8002\" class=\"wp-caption-text\">\u00a9 Mark Glasser<\/figcaption><\/figure>\n<p style=\"text-align: center\">Die \u201cBackademiker*innen\u201d der OMAsterclass \u201cPerlen der Wiener Mehlspeiskunst\u201d:<br \/>\nHr. Johannes, Fr. Lucia, Mutter Mayr, Fr. Maria, Fr. Christine, Hr. Gerhard (v.l.n.r.)<\/p>\n<\/div>\n<\/div>\n<\/div>\n<\/div>\n<\/div>\n<\/div>\n<\/div>\n<div id=\"cmsmasters_row_69f06582148f43_85616489\" class=\"cmsmasters_row cmsmasters_color_scheme_default cmsmasters_row_top_default cmsmasters_row_bot_default cmsmasters_row_boxed\">\n<div class=\"cmsmasters_row_outer_parent\">\n<div class=\"cmsmasters_row_outer\">\n<div class=\"cmsmasters_row_inner\">\n<div class=\"cmsmasters_row_margin\">\n<div class=\"cmsmasters_column one_fourth\">\n<div class=\"cmsmasters_img  cmsmasters_image_n\">\n<img decoding=\"async\" src=\"https:\/\/good-search.org\/about\/wp-content\/uploads\/2021\/06\/logo.png\" \/>\n<\/div>\n<\/div>\n<div class=\"cmsmasters_column three_fourth\">\n<div class=\"cmsmasters_text\">\n<p><strong>Mehr Abwechslung im Alltag durch Allfred<\/strong><\/p>\n<p><span style=\"font-weight: 400\">\u201c<\/span><a href=\"https:\/\/www.allfred.at\/\" target=\"_blank\" rel=\"noopener\"><span style=\"font-weight: 400\">Allfred<\/span><\/a><span style=\"font-weight: 400\">\u201d sind die Alltagshelfer:innen des Diakoniewerks, die dabei helfen, den Alltag leichter zu gestalten. Ganz egal ob Unterst\u00fctzung bei allt\u00e4glichen Aufgaben wie Einkaufen, Kochen oder Gartenarbeit oder einfach nur ein wenig Gesellschaft leisten bei einer Runde im Park oder einem gemeinsamen Kaffee im Lieblingscaf\u00e9: Man formuliert und beschreibt die eigenen Bed\u00fcrfnisse und darf sich im Gegenzug auf die passenden Alltagshelfer:innen freuen. Dabei kennt das Diakoniewerk nicht nur alle Allfred-Unterst\u00fctzer:innen pers\u00f6nlich, sondern kann gleichzeitig auf eine jahrzehntelange Expertise in der Begleitung von Menschen zur\u00fcckgreifen.<\/span><\/p>\n<\/div>\n<\/div>\n<\/div>\n<\/div>\n<\/div>\n<\/div>\n<\/div>\n<div id=\"cmsmasters_row_69f0658214aa58_03011391\" class=\"cmsmasters_row cmsmasters_color_scheme_default cmsmasters_row_top_default cmsmasters_row_bot_default cmsmasters_row_boxed\">\n<div class=\"cmsmasters_row_outer_parent\">\n<div class=\"cmsmasters_row_outer\">\n<div class=\"cmsmasters_row_inner\">\n<div class=\"cmsmasters_row_margin\">\n<div class=\"cmsmasters_column one_fourth\">\n<div class=\"cmsmasters_img  cmsmasters_image_n\">\n<img decoding=\"async\" src=\"https:\/\/good-search.org\/about\/wp-content\/uploads\/2021\/06\/MiC_logo_Color-300x86.jpg\" \/>\n<\/div>\n<\/div>\n<div class=\"cmsmasters_column three_fourth\">\n<div class=\"cmsmasters_text\">\n<p><strong>Men in Care setzt sich f\u00fcr mehr M\u00e4nner in der Pflege ein<\/strong><\/p>\n<p><span style=\"font-weight: 400\">Beschlie\u00dfen M\u00e4nner, sich k\u00fcnftig mehr Pflege-, Familien- und\/oder Betreuungsaufgaben zu widmen, sto\u00dfen sie h\u00e4ufig an ihre Grenzen. Genau diese Barrieren m\u00f6chte das Projekt \u201c<\/span><a href=\"https:\/\/www.men-in-care.eu\/\" target=\"_blank\" rel=\"noopener\"><span style=\"font-weight: 400\">Men in Care<\/span><\/a><span style=\"font-weight: 400\">\u201d (kurz: MiC) abbauen. Die europ\u00e4ische Initiative engagiert sich aktuell in sieben L\u00e4ndern (\u00d6sterreich, Deutschland, Island, Norwegen, Polen, Slowenien und Spanien) und m\u00f6chte die Arbeitsbedingungen insofern verbessern, dass M\u00e4nner leichter Pflege- und Betreuungsaufgaben \u00fcbernehmen zu k\u00f6nnen. Im Rahmen des Projektes soll eruiert werden, inwiefern sich die Politik und Arbeitskultur \u00e4ndern muss, damit M\u00e4nner aktiver f\u00fcr die Betreuung einbezogen werden k\u00f6nnen und dabei gleichzeitig ein hohes Ma\u00df an Work-Life-Balance zu halten.<\/span><\/p>\n<\/div>\n<\/div>\n<\/div>\n<\/div>\n<\/div>\n<\/div>\n<\/div>\n<div id=\"cmsmasters_row_69f0658214c638_03196623\" class=\"cmsmasters_row cmsmasters_color_scheme_default cmsmasters_row_top_default cmsmasters_row_bot_default cmsmasters_row_boxed\">\n<div class=\"cmsmasters_row_outer_parent\">\n<div class=\"cmsmasters_row_outer\">\n<div class=\"cmsmasters_row_inner\">\n<div class=\"cmsmasters_row_margin\">\n<div class=\"cmsmasters_column one_first\">\n<div class=\"cmsmasters_text\">\n<figure id=\"attachment_8004\" aria-describedby=\"caption-attachment-8004\" style=\"width: 1100px\" class=\"wp-caption alignnone\"><img loading=\"lazy\" decoding=\"async\" class=\"wp-image-8004 size-full\" src=\"https:\/\/good-search.org\/about\/wp-content\/uploads\/2021\/06\/Allfred_1100.jpg\" alt=\"\" width=\"1100\" height=\"687\" srcset=\"https:\/\/good-search.org\/about\/wp-content\/uploads\/2021\/06\/Allfred_1100.jpg 1100w, https:\/\/good-search.org\/about\/wp-content\/uploads\/2021\/06\/Allfred_1100-300x187.jpg 300w, https:\/\/good-search.org\/about\/wp-content\/uploads\/2021\/06\/Allfred_1100-768x480.jpg 768w, https:\/\/good-search.org\/about\/wp-content\/uploads\/2021\/06\/Allfred_1100-1024x640.jpg 1024w, https:\/\/good-search.org\/about\/wp-content\/uploads\/2021\/06\/Allfred_1100-580x362.jpg 580w, https:\/\/good-search.org\/about\/wp-content\/uploads\/2021\/06\/Allfred_1100-860x537.jpg 860w\" sizes=\"(max-width: 1100px) 100vw, 1100px\" \/><figcaption id=\"caption-attachment-8004\" class=\"wp-caption-text\">\u00a9 Allfred<\/figcaption><\/figure>\n<p class=\"p1\" style=\"text-align: center\">Ziel von Allfred ist es, den Alltag ein St\u00fcck leichter und abwechslungsreicher zu gestalten,<br \/>\nindem Sie pers\u00f6nlich gepr\u00fcfte Alltagshelfer*innen vermitteln.<\/p>\n<\/div>\n<\/div>\n<\/div>\n<\/div>\n<\/div>\n<\/div>\n<\/div>\n<div id=\"cmsmasters_row_69f0658214cff8_68720867\" class=\"cmsmasters_row cmsmasters_color_scheme_default cmsmasters_row_top_default cmsmasters_row_bot_default cmsmasters_row_boxed\">\n<div class=\"cmsmasters_row_outer_parent\">\n<div class=\"cmsmasters_row_outer\">\n<div class=\"cmsmasters_row_inner\">\n<div class=\"cmsmasters_row_margin\">\n<div class=\"cmsmasters_column one_first\">\n<div class=\"cmsmasters_text\">\n<p><span style=\"font-weight: 400\">Die 17 globalen Ziele f\u00fcr nachhaltige Entwicklung, die Sustainable Development Goals (SDGs) sind ein Fahrplan f\u00fcr die Zukunft, den die Weltgemeinschaft 2015 beschlossen hat. Sie richten sich an alle: die Regierungen weltweit, aber auch die Zivilgesellschaft, die Privatwirtschaft und die Wissenschaft.<\/span><\/p>\n<p>&nbsp;<\/p>\n<h3><img loading=\"lazy\" decoding=\"async\" class=\"alignnone wp-image-6862 size-full\" src=\"https:\/\/good-search.org\/about\/wp-content\/uploads\/2021\/01\/agenda_2030_sdgs_17_ziele_1100.jpg\" alt=\"\" width=\"1100\" height=\"538\" srcset=\"https:\/\/good-search.org\/about\/wp-content\/uploads\/2021\/01\/agenda_2030_sdgs_17_ziele_1100.jpg 1100w, https:\/\/good-search.org\/about\/wp-content\/uploads\/2021\/01\/agenda_2030_sdgs_17_ziele_1100-300x147.jpg 300w, https:\/\/good-search.org\/about\/wp-content\/uploads\/2021\/01\/agenda_2030_sdgs_17_ziele_1100-768x376.jpg 768w, https:\/\/good-search.org\/about\/wp-content\/uploads\/2021\/01\/agenda_2030_sdgs_17_ziele_1100-1024x501.jpg 1024w, https:\/\/good-search.org\/about\/wp-content\/uploads\/2021\/01\/agenda_2030_sdgs_17_ziele_1100-580x284.jpg 580w, https:\/\/good-search.org\/about\/wp-content\/uploads\/2021\/01\/agenda_2030_sdgs_17_ziele_1100-860x421.jpg 860w\" sizes=\"(max-width: 1100px) 100vw, 1100px\" \/><\/h3>\n<p>&nbsp;<\/p>\n<\/div>\n<\/div>\n<\/div>\n<\/div>\n<\/div>\n<\/div>\n<\/div>\n<div id=\"cmsmasters_row_69f0658214d7b0_60940931\" class=\"cmsmasters_row cmsmasters_color_scheme_default cmsmasters_row_top_default cmsmasters_row_bot_default cmsmasters_row_boxed\">\n<div class=\"cmsmasters_row_outer_parent\">\n<div class=\"cmsmasters_row_outer\">\n<div class=\"cmsmasters_row_inner\">\n<div class=\"cmsmasters_row_margin\">\n<div class=\"cmsmasters_column one_fourth\">\n<div class=\"cmsmasters_text\">\n<p><img loading=\"lazy\" decoding=\"async\" class=\"alignnone wp-image-7987 size-medium\" src=\"https:\/\/good-search.org\/about\/wp-content\/uploads\/2021\/06\/SDG-icon-DE-03-300x300.jpeg\" alt=\"\" width=\"300\" height=\"300\" srcset=\"https:\/\/good-search.org\/about\/wp-content\/uploads\/2021\/06\/SDG-icon-DE-03-300x300.jpeg 300w, https:\/\/good-search.org\/about\/wp-content\/uploads\/2021\/06\/SDG-icon-DE-03-150x150.jpeg 150w, https:\/\/good-search.org\/about\/wp-content\/uploads\/2021\/06\/SDG-icon-DE-03-60x60.jpeg 60w, https:\/\/good-search.org\/about\/wp-content\/uploads\/2021\/06\/SDG-icon-DE-03-580x580.jpeg 580w, https:\/\/good-search.org\/about\/wp-content\/uploads\/2021\/06\/SDG-icon-DE-03.jpeg 600w\" sizes=\"(max-width: 300px) 100vw, 300px\" \/><\/p>\n<\/div>\n<\/div>\n<div class=\"cmsmasters_column three_fourth\">\n<div class=\"cmsmasters_text\">\n<p><strong>Ziel 3 &#8211; Gesundheit und Wohlergehen<\/strong><\/p>\n<p><span style=\"font-weight: 400\">In ihrer Agenda 2030 hat die Staatengemeinschaft f\u00fcr das SDG #3 \u2013 \u201cGesundheit und Wohlergehen\u201d folgende Unterziele verankert:<\/span><\/p>\n<ul>\n<li style=\"font-weight: 400\"><span style=\"font-weight: 400\">M\u00fctter- und Kindersterblichkeit senken<\/span><\/li>\n<li style=\"font-weight: 400\"><span style=\"font-weight: 400\">\u00dcbertragbare Krankheiten bek\u00e4mpfen<\/span><\/li>\n<li style=\"font-weight: 400\"><span style=\"font-weight: 400\">Zugang zu hochwertigen Gesundheitsdiensten gew\u00e4hrleisten<\/span><\/li>\n<li style=\"font-weight: 400\"><span style=\"font-weight: 400\">Zugang zu Arzneimitteln und Impfstoffen sichern<\/span><\/li>\n<li style=\"font-weight: 400\"><span style=\"font-weight: 400\">Psychische Gesundheit f\u00f6rdern<\/span><\/li>\n<li style=\"font-weight: 400\"><span style=\"font-weight: 400\">Pr\u00e4vention und Behandlung von Substanzmissbrauch<\/span><\/li>\n<li style=\"font-weight: 400\"><span style=\"font-weight: 400\">Die Zahl von Todesf\u00e4llen und Verletzungen aufgrund von Verkehrsunf\u00e4llen sowie die Zahl von Todesf\u00e4llen und Erkrankungen aufgrund von Luft-, Wasser- und Bodenverschmutzungen verringern<\/span><\/li>\n<\/ul>\n<\/div>\n<\/div>\n<\/div>\n<\/div>\n<\/div>\n<\/div>\n<\/div>\n<div id=\"cmsmasters_row_69f0658214e723_40698475\" class=\"cmsmasters_row cmsmasters_color_scheme_default cmsmasters_row_top_default cmsmasters_row_bot_default cmsmasters_row_boxed\">\n<div class=\"cmsmasters_row_outer_parent\">\n<div class=\"cmsmasters_row_outer\">\n<div class=\"cmsmasters_row_inner\">\n<div class=\"cmsmasters_row_margin\">\n<div class=\"cmsmasters_column one_fourth\">\n<div class=\"cmsmasters_text\">\n<p><img loading=\"lazy\" decoding=\"async\" class=\"alignnone wp-image-7988 size-medium\" src=\"https:\/\/good-search.org\/about\/wp-content\/uploads\/2021\/06\/SDG-icon-DE-08-300x300.jpeg\" alt=\"\" width=\"300\" height=\"300\" srcset=\"https:\/\/good-search.org\/about\/wp-content\/uploads\/2021\/06\/SDG-icon-DE-08-300x300.jpeg 300w, https:\/\/good-search.org\/about\/wp-content\/uploads\/2021\/06\/SDG-icon-DE-08-150x150.jpeg 150w, https:\/\/good-search.org\/about\/wp-content\/uploads\/2021\/06\/SDG-icon-DE-08-60x60.jpeg 60w, https:\/\/good-search.org\/about\/wp-content\/uploads\/2021\/06\/SDG-icon-DE-08-580x580.jpeg 580w, https:\/\/good-search.org\/about\/wp-content\/uploads\/2021\/06\/SDG-icon-DE-08.jpeg 600w\" sizes=\"(max-width: 300px) 100vw, 300px\" \/><\/p>\n<\/div>\n<\/div>\n<div class=\"cmsmasters_column three_fourth\">\n<div class=\"cmsmasters_text\">\n<p><strong>Ziel 8 \u2013 Menschenw\u00fcrdige Arbeit und Wirtschaftswachstum<\/strong><\/p>\n<p><span style=\"font-weight: 400\">In ihrer Agenda 2030 hat die Staatengemeinschaft f\u00fcr das SDG # 8 \u2013 \u201cMenschenw\u00fcrdige Arbeit und Wirtschaftswachstum\u201d folgende Unterziele verankert:<\/span><\/p>\n<ul>\n<li style=\"font-weight: 400\"><span style=\"font-weight: 400\">Aufrechterhaltung des Wirtschaftswachstums entsprechend der nationalen Gegebenheiten und Erh\u00f6hung<\/span><\/li>\n<li style=\"font-weight: 400\"><span style=\"font-weight: 400\">Erh\u00f6hung der Produktivit\u00e4t und F\u00f6rderung von entwicklungsorientierten Ma\u00dfnahmen<\/span><\/li>\n<li style=\"font-weight: 400\"><span style=\"font-weight: 400\">Verbesserung der Ressourceneffizienz sowie Entkopplung von Wirtschaftswachstum und Umweltzerst\u00f6rung<\/span><\/li>\n<li style=\"font-weight: 400\"><span style=\"font-weight: 400\">Erreichen von produktiver Vollbesch\u00e4ftigung und menschenw\u00fcrdiger Arbeit f\u00fcr alle<\/span><\/li>\n<li style=\"font-weight: 400\"><span style=\"font-weight: 400\">Abschaffen von Zwangsarbeit, moderner Sklaverei, Kinderarbeit und Menschenhandel<\/span><\/li>\n<li style=\"font-weight: 400\"><span style=\"font-weight: 400\">Schutz von Arbeitsrechten und F\u00f6rderung von sicheren Arbeitsumgebungen<\/span><\/li>\n<\/ul>\n<\/div>\n<\/div>\n<\/div>\n<\/div>\n<\/div>\n<\/div>\n<\/div>\n<div id=\"cmsmasters_row_69f0658214f567_98259323\" class=\"cmsmasters_row cmsmasters_color_scheme_default cmsmasters_row_top_default cmsmasters_row_bot_default cmsmasters_row_boxed\">\n<div class=\"cmsmasters_row_outer_parent\">\n<div class=\"cmsmasters_row_outer\">\n<div class=\"cmsmasters_row_inner\">\n<div class=\"cmsmasters_row_margin\">\n<div class=\"cmsmasters_column one_half\">\n\n<div id=\"cmsmasters_divider_69f065821504d4_21158138\" class=\"cl\"><\/div>\n<div class=\"cmsmasters_text\">\n<p><span style=\"color: #545454\">Dieser Beitrag ist Teil der Gexsi \u00d6sterreich Blogserie und wird gef\u00f6rdert durch die Austrian Development Agency (ADA) aus Mitteln der \u00d6sterreichischen Entwicklungszusammenarbeit.<\/span><\/p>\n<\/div>\n<\/div>\n<div class=\"cmsmasters_column one_half\">\n\n<div id=\"cmsmasters_divider_69f06582150f53_93371614\" class=\"cl\"><\/div>\n<div class=\"cmsmasters_text\">\n<p><a href=\"https:\/\/www.entwicklung.at\"><img loading=\"lazy\" decoding=\"async\" class=\"aligncenter wp-image-7792 size-medium\" src=\"https:\/\/good-search.org\/about\/wp-content\/uploads\/2021\/05\/DE_FOER_OEZA_JPEG-300x146.jpg\" alt=\"\" width=\"300\" height=\"146\" srcset=\"https:\/\/good-search.org\/about\/wp-content\/uploads\/2021\/05\/DE_FOER_OEZA_JPEG-300x146.jpg 300w, https:\/\/good-search.org\/about\/wp-content\/uploads\/2021\/05\/DE_FOER_OEZA_JPEG-768x372.jpg 768w, https:\/\/good-search.org\/about\/wp-content\/uploads\/2021\/05\/DE_FOER_OEZA_JPEG-580x281.jpg 580w, https:\/\/good-search.org\/about\/wp-content\/uploads\/2021\/05\/DE_FOER_OEZA_JPEG-860x417.jpg 860w, https:\/\/good-search.org\/about\/wp-content\/uploads\/2021\/05\/DE_FOER_OEZA_JPEG.jpg 967w\" sizes=\"(max-width: 300px) 100vw, 300px\" \/><\/a><\/p>\n<\/div>\n<\/div>\n<\/div>\n<\/div>\n<\/div>\n<\/div>\n<\/div>\n<div id=\"cmsmasters_row_69f065821512e7_60294227\" class=\"cmsmasters_row cmsmasters_color_scheme_default cmsmasters_row_top_default cmsmasters_row_bot_default cmsmasters_row_boxed\">\n<div class=\"cmsmasters_row_outer_parent\">\n<div class=\"cmsmasters_row_outer\">\n<div class=\"cmsmasters_row_inner\">\n<div class=\"cmsmasters_row_margin\">\n<div class=\"cmsmasters_column one_first\">\n<div class=\"cmsmasters_sharing\">\n<div class=\"share_wrap\">\n<a href=\"https:\/\/twitter.com\/intent\/tweet?text=Check+out+%2717+Ziele%3A+Bessere+Lebensqualit%C3%A4t+im+Alter+dank+dieser+%C3%B6sterreichischen+Sozialunternehmen%27+on+GOOD+%E2%80%93+Die+Suchmaschine+f%C3%BCr+eine+bessere+Welt+website&url=https%3A%2F%2Fgood-search.org%2Fabout%2Fblog%2F17-ziele-bessere-lebensqualitaet-im-alter-dank-dieser-oesterreichischen-sozialunternehmen%2F\" class=\"button cmsmasters-icon-twitter\">Twitter<\/a>\n<\/div>\n<div class=\"share_wrap\">\n<a href=\"https:\/\/www.pinterest.com\/pin\/create\/button\/\" data-pin-do=\"buttonBookmark\" data-pin-custom=\"true\" class=\"button cmsmasters_pinterest_button cmsmasters-icon-pinterest\">Pinterest<\/a>\n<\/div>\n<div class=\"share_wrap\">\n<a href=\"\/\/www.facebook.com\/sharer\/sharer.php?display=popup&u=https%3A%2F%2Fgood-search.org%2Fabout%2Fblog%2F17-ziele-bessere-lebensqualitaet-im-alter-dank-dieser-oesterreichischen-sozialunternehmen%2F\" class=\"button cmsmasters-icon-facebook\">Facebook<\/a>\n<\/div>\n<\/div>\n<\/div>\n<\/div>\n<\/div>\n<\/div>\n<\/div>\n<\/div>\n\n","protected":false},"excerpt":{"rendered":"<p>Das \u00c4lterwerden geht uns alle an! Daher ist es wichtig, sich bereits heute Gedanken zu machen, wie wir auch im Alter gut leben k\u00f6nnen. Wir stellen euch 8 Sozialunternehmen aus \u00d6sterreich vor, die sich mit ihrer Arbeit vor allem f\u00fcr das SDG #3 &#8211; \u201cGesundheit und Wohlergehen\u201d einsetzen.<\/p>\n","protected":false},"author":12,"featured_media":8007,"comment_status":"closed","ping_status":"closed","sticky":false,"template":"","format":"standard","meta":{"_acf_changed":false,"footnotes":""},"categories":[50,44],"tags":[],"acf":[],"_links":{"self":[{"href":"https:\/\/good-search.org\/about\/wp-json\/wp\/v2\/posts\/7975"}],"collection":[{"href":"https:\/\/good-search.org\/about\/wp-json\/wp\/v2\/posts"}],"about":[{"href":"https:\/\/good-search.org\/about\/wp-json\/wp\/v2\/types\/post"}],"author":[{"embeddable":true,"href":"https:\/\/good-search.org\/about\/wp-json\/wp\/v2\/users\/12"}],"replies":[{"embeddable":true,"href":"https:\/\/good-search.org\/about\/wp-json\/wp\/v2\/comments?post=7975"}],"version-history":[{"count":6,"href":"https:\/\/good-search.org\/about\/wp-json\/wp\/v2\/posts\/7975\/revisions"}],"predecessor-version":[{"id":11357,"href":"https:\/\/good-search.org\/about\/wp-json\/wp\/v2\/posts\/7975\/revisions\/11357"}],"wp:featuredmedia":[{"embeddable":true,"href":"https:\/\/good-search.org\/about\/wp-json\/wp\/v2\/media\/8007"}],"wp:attachment":[{"href":"https:\/\/good-search.org\/about\/wp-json\/wp\/v2\/media?parent=7975"}],"wp:term":[{"taxonomy":"category","embeddable":true,"href":"https:\/\/good-search.org\/about\/wp-json\/wp\/v2\/categories?post=7975"},{"taxonomy":"post_tag","embeddable":true,"href":"https:\/\/good-search.org\/about\/wp-json\/wp\/v2\/tags?post=7975"}],"curies":[{"name":"wp","href":"https:\/\/api.w.org\/{rel}","templated":true}]}}