{"id":7926,"date":"2023-09-01T11:07:36","date_gmt":"2023-09-01T11:07:36","guid":{"rendered":"https:\/\/good-search.org\/about\/?p=7926"},"modified":"2023-09-20T20:25:08","modified_gmt":"2023-09-20T20:25:08","slug":"die-welt-mit-ausgedienten-it-geraeten-sozialer-und-gruener-machen-so-geht-es","status":"publish","type":"post","link":"https:\/\/good-search.org\/about\/blog\/die-welt-mit-ausgedienten-it-geraeten-sozialer-und-gruener-machen-so-geht-es\/","title":{"rendered":"Die Welt mit ausgedienten IT-Ger\u00e4ten sozialer und gr\u00fcner machen? So geht es!"},"content":{"rendered":"<style type=\"text\/css\"> \n#cmsmasters_row_69ec82a0f1a7f6_59154463 .cmsmasters_row_outer_parent { \n\tpadding-top: 20px; \n} \n\n#cmsmasters_row_69ec82a0f1a7f6_59154463 .cmsmasters_row_outer_parent { \n\tpadding-bottom: 0px; \n} \n\n \n#cmsmasters_row_69ec82a0f1d768_17558540 .cmsmasters_row_outer_parent { \n\tpadding-top: 0px; \n} \n\n#cmsmasters_row_69ec82a0f1d768_17558540 .cmsmasters_row_outer_parent { \n\tpadding-bottom: 40px; \n} \n\n \n#cmsmasters_divider_69ec82a0f1f338_78716558 { \n\tborder-bottom-width:0px; \n\tborder-bottom-style:solid; \n\tpadding-top:10px; \n\tmargin-bottom:10px; \n} \n \n#cmsmasters_row_69ec82a0f20c27_55694624 .cmsmasters_row_outer_parent { \n\tpadding-top: 0px; \n} \n\n#cmsmasters_row_69ec82a0f20c27_55694624 .cmsmasters_row_outer_parent { \n\tpadding-bottom: 0px; \n} \n\n<\/style><div id=\"cmsmasters_row_69ec82a0f1a7f6_59154463\" class=\"cmsmasters_row cmsmasters_color_scheme_default cmsmasters_row_top_default cmsmasters_row_bot_default cmsmasters_row_boxed\">\n<div class=\"cmsmasters_row_outer_parent\">\n<div class=\"cmsmasters_row_outer\">\n<div class=\"cmsmasters_row_inner\">\n<div class=\"cmsmasters_row_margin\">\n<div class=\"cmsmasters_column one_first\">\n<div class=\"cmsmasters_text\">\n<figure id=\"attachment_7895\" aria-describedby=\"caption-attachment-7895\" style=\"width: 1100px\" class=\"wp-caption alignnone\"><img loading=\"lazy\" decoding=\"async\" class=\"wp-image-7895 size-full\" src=\"https:\/\/good-search.org\/about\/wp-content\/uploads\/2021\/05\/Smartphone_Refurbishment_credits_to_EPD_1100.jpg\" alt=\"\" width=\"1100\" height=\"688\" srcset=\"https:\/\/good-search.org\/about\/wp-content\/uploads\/2021\/05\/Smartphone_Refurbishment_credits_to_EPD_1100.jpg 1100w, https:\/\/good-search.org\/about\/wp-content\/uploads\/2021\/05\/Smartphone_Refurbishment_credits_to_EPD_1100-300x188.jpg 300w, https:\/\/good-search.org\/about\/wp-content\/uploads\/2021\/05\/Smartphone_Refurbishment_credits_to_EPD_1100-768x480.jpg 768w, https:\/\/good-search.org\/about\/wp-content\/uploads\/2021\/05\/Smartphone_Refurbishment_credits_to_EPD_1100-1024x640.jpg 1024w, https:\/\/good-search.org\/about\/wp-content\/uploads\/2021\/05\/Smartphone_Refurbishment_credits_to_EPD_1100-580x363.jpg 580w, https:\/\/good-search.org\/about\/wp-content\/uploads\/2021\/05\/Smartphone_Refurbishment_credits_to_EPD_1100-860x538.jpg 860w\" sizes=\"(max-width: 1100px) 100vw, 1100px\" \/><figcaption id=\"caption-attachment-7895\" class=\"wp-caption-text\">\u00a9 AfB \/ EPD<\/figcaption><\/figure>\n<\/div>\n<\/div>\n<\/div>\n<\/div>\n<\/div>\n<\/div>\n<\/div>\n<div id=\"cmsmasters_row_69ec82a0f1d768_17558540\" class=\"cmsmasters_row cmsmasters_color_scheme_default cmsmasters_row_top_default cmsmasters_row_bot_default cmsmasters_row_boxed\">\n<div class=\"cmsmasters_row_outer_parent\">\n<div class=\"cmsmasters_row_outer\">\n<div class=\"cmsmasters_row_inner\">\n<div class=\"cmsmasters_row_margin\">\n<div class=\"cmsmasters_column one_first\">\n<div class=\"cmsmasters_text\">\n<div class=\"cmsmasters_text\">\n<h3><strong>Hinter dem K\u00fcrzel AfB \u2013 Arbeit f\u00fcr Menschen mit Behinderung \u2013 steckt ein Social Business mit unglaublicher Power. Die Wirkung reicht von Inklusion \u00fcber die F\u00f6rderung einer Zero Waste Wirtschaft bis neuen Formen des Corporate Engagements \u00fcber die Spende gebrauchter IT-Hardware.<\/strong><\/h3>\n<\/div>\n<\/div>\n\n<div id=\"cmsmasters_divider_69ec82a0f1f338_78716558\" class=\"cl\"><\/div>\n<div class=\"cmsmasters_text\">\n<p>Als Paul Cvilak 2004 eine Firma f\u00fcr das Refurbishment, der Aufbereitung, gebrauchter IT-Hardware gr\u00fcndete, war ihm klar, dass dies kein &#8222;normales&#8220; Unternehmen sein soll. Es hat eine tief in der Firmen-DNA verankerte soziale Mission: die Integration von Menschen mit schweren Behinderungen. Auch die Gr\u00f6\u00dfenordnung wurde fr\u00fchzeitig als Zielmarke definiert. Es sollten im Zeitverlauf mindestens 500 Menschen mit einer Behinderung einen festen Arbeitsplatz im Unternehmen erhalten. Dies ist eine enorme Zahl, wenn man bedenkt, dass die Integration jeder\/s einzelnen Mitarbeitenden ganz spezielle Herausforderungen mit sich bringt. Um die Mission fest zu verankern, wurde die gemeinsame Holding-Firma, eine gemeinn\u00fctzige Aktiengesellschaft, an der insbesondere die Mitarbeiter*innen der Gruppe beteiligt sind, unter dem Namen Initative 500gAG ins Handelsregister eingetragen.<\/p>\n<h3><strong>Wichtiges Etappenziel zur Zielmarke 500 erreicht<\/strong><\/h3>\n<p>Das Unternehmen ist auf Kurs. AfB hat im letzten Jahr (2022) 528.000 Rechner, Smartphones, Tablets und weiterer IT-Ger\u00e4te aufbereitet und konnte zwei von drei Ger\u00e4ten ein neues Leben schenken. Das Unternehmen ist in Deutschland, \u00d6sterreich, der Schweiz, Frankreich sowie der Slowakei pr\u00e4sent und vertreibt die aufbereiteten Ger\u00e4te sowohl \u00fcber eigene L\u00e4den wie auch \u00fcber seinen Online-Shop. Das Gesch\u00e4ftsmodell rechnet sich; das Unternehmen k\u00f6nne sich zu 95% selbst finanzieren, so Christoph Teusch, AfB&#8217;s CR-Manager.<\/p>\n<p>Das Unternehmen hat inzwischen 650 Mitarbeitende, die H\u00e4lfte Menschen mit Behinderung. Das ist deutlich mehr als die vom Gesetzgeber geforderten 30%, um als gemeinn\u00fctziger Inklusionsbetrieb anerkannt zu werden. Und die Zielmarke der 500 Menschen mit Behinderung, die eingestellt werden, r\u00fcckt n\u00e4her.<\/p>\n<figure id=\"attachment_7881\" aria-describedby=\"caption-attachment-7881\" style=\"width: 1000px\" class=\"wp-caption aligncenter\"><img loading=\"lazy\" decoding=\"async\" class=\"wp-image-7881 size-full\" src=\"https:\/\/good-search.org\/about\/wp-content\/uploads\/2021\/05\/Positivbeispiel_Inklusionsbetrieb_AfB_Berlin_2__1__ThiloSchmuelgen-AktionMensch.jpg\" alt=\"\" width=\"1000\" height=\"703\" srcset=\"https:\/\/good-search.org\/about\/wp-content\/uploads\/2021\/05\/Positivbeispiel_Inklusionsbetrieb_AfB_Berlin_2__1__ThiloSchmuelgen-AktionMensch.jpg 1000w, https:\/\/good-search.org\/about\/wp-content\/uploads\/2021\/05\/Positivbeispiel_Inklusionsbetrieb_AfB_Berlin_2__1__ThiloSchmuelgen-AktionMensch-300x211.jpg 300w, https:\/\/good-search.org\/about\/wp-content\/uploads\/2021\/05\/Positivbeispiel_Inklusionsbetrieb_AfB_Berlin_2__1__ThiloSchmuelgen-AktionMensch-768x540.jpg 768w, https:\/\/good-search.org\/about\/wp-content\/uploads\/2021\/05\/Positivbeispiel_Inklusionsbetrieb_AfB_Berlin_2__1__ThiloSchmuelgen-AktionMensch-580x408.jpg 580w, https:\/\/good-search.org\/about\/wp-content\/uploads\/2021\/05\/Positivbeispiel_Inklusionsbetrieb_AfB_Berlin_2__1__ThiloSchmuelgen-AktionMensch-860x605.jpg 860w\" sizes=\"(max-width: 1000px) 100vw, 1000px\" \/><figcaption id=\"caption-attachment-7881\" class=\"wp-caption-text\">AfB Team in Berlin.\u00a0\u00a9 Thilo Schmuelgen \/ AfB<\/figcaption><\/figure>\n<p>&nbsp;<\/p>\n<h3><strong>AfB als Motor f\u00fcr die Kreislaufwirtschaft in der IT<\/strong><\/h3>\n<p>Die IT-Branche gilt nicht also besonders klimafreundlich, abgesehen von der Tatsache, dass digitale Dienste eine zentrale Rolle in der Sharing Economy spielen und CO2-intensive Reisen durch Videokonferenzen, gedrucktes Papier durch elektronische Dokumente ersetzt werden k\u00f6nnen. Die gr\u00f6\u00dften CO2 Emission entstehen dabei nicht bei der Nutzung elektronischer Ger\u00e4te, sondern ganz am Anfang: bei ihrer Herstellung.<\/p>\n<p>Dies m\u00f6chte AfB \u00e4ndern.\u00a0Durch die Verl\u00e4ngerung der Produktlebensdauer erm\u00f6glichte AfB allein im Jahr 2022 eine Einsparung<\/p>\n<ul>\n<li>von 22.800 Tonnen an Rohstoffen<\/li>\n<li>170.800 MWh Energie im Vergleich zur Neuproduktion<\/li>\n<li>318 Millionen Liter Wasser und<\/li>\n<li>44.700 Tonnen Treibhausgase.<\/li>\n<\/ul>\n<p>In einer Studie gemeinsam mit der myclimate Stiftung in Z\u00fcrich hat AfB errechnet, dass der Kauf eines neu aufbereiteten Rechners gegen\u00fcber dem Neukauf die CO2-Bilanz um bis zu 66% verbessern kann, wenn hierdurch der urspr\u00fcngliche Rechner drei Jahre im Einsatz bleibt.\u00a0Die vollst\u00e4ndige AfB \u00d6kobilanz findet ihr <a href=\"https:\/\/www.afb-group.de\/verantwortung\/oekobilanz\/\">hier<\/a>.<\/p>\n<figure id=\"attachment_7890\" aria-describedby=\"caption-attachment-7890\" style=\"width: 1024px\" class=\"wp-caption aligncenter\"><img loading=\"lazy\" decoding=\"async\" class=\"wp-image-7890 size-large\" src=\"https:\/\/good-search.org\/about\/wp-content\/uploads\/2021\/05\/LWL_Halle_Paderborn_AfB-1024x683.jpg\" alt=\"\" width=\"1024\" height=\"683\" srcset=\"https:\/\/good-search.org\/about\/wp-content\/uploads\/2021\/05\/LWL_Halle_Paderborn_AfB-1024x683.jpg 1024w, https:\/\/good-search.org\/about\/wp-content\/uploads\/2021\/05\/LWL_Halle_Paderborn_AfB-300x200.jpg 300w, https:\/\/good-search.org\/about\/wp-content\/uploads\/2021\/05\/LWL_Halle_Paderborn_AfB-768x512.jpg 768w, https:\/\/good-search.org\/about\/wp-content\/uploads\/2021\/05\/LWL_Halle_Paderborn_AfB-580x387.jpg 580w, https:\/\/good-search.org\/about\/wp-content\/uploads\/2021\/05\/LWL_Halle_Paderborn_AfB-860x573.jpg 860w, https:\/\/good-search.org\/about\/wp-content\/uploads\/2021\/05\/LWL_Halle_Paderborn_AfB-1160x773.jpg 1160w, https:\/\/good-search.org\/about\/wp-content\/uploads\/2021\/05\/LWL_Halle_Paderborn_AfB-1440x960.jpg 1440w\" sizes=\"(max-width: 1024px) 100vw, 1024px\" \/><figcaption id=\"caption-attachment-7890\" class=\"wp-caption-text\">Smartphone Aufbereitung. \u00a9 EPD \/ AfB<\/figcaption><\/figure>\n<h3><strong><br \/>\nCorporate Engagement \u2013 Gespendete Ger\u00e4te reduzieren die digitale Kluft weltweit<\/strong><\/h3>\n<p>Viele Unternehmen haben ihr IT-Ger\u00e4te bereits abgeschrieben oder suchen aktiv nach M\u00f6glichkeiten, sich sozial zu engagieren. AfB bietet hierf\u00fcr starke Handlungsoptionen. Unternehmen, die ihre gebrauchte Hardware spenden, schaffen f\u00fcr AfB neue Handlungsspielr\u00e4ume. Denn so kann AfB die aufbereiteten Ger\u00e4te sozialen Initiativen weltweit zur Verf\u00fcgung stellen. So bestehen Partnerschaften beispielsweise mit der Initiative JOBLINGE, die benachteiligte Jugendlichen beim Sprung in den Arbeitsmarkt begleitet oder der globalen NGO <a href=\"https:\/\/www.labdoo.org\/deu\/de\/\">Labdoo.org<\/a>\u00a0, die ungenutzte,\u00a0ausgemusterte Laptops, Tablets oder eBook Reader f\u00fcr regionale Projekte im Ausland sammelt.<\/p>\n<iframe loading=\"lazy\" title=\"Labdoo Erkl\u00e4rvideo (Deutsch)\" width=\"500\" height=\"281\" src=\"https:\/\/www.youtube.com\/embed\/S2WaQBPB1OE?feature=oembed\" frameborder=\"0\" allow=\"accelerometer; autoplay; clipboard-write; encrypted-media; gyroscope; picture-in-picture; web-share\" referrerpolicy=\"strict-origin-when-cross-origin\" allowfullscreen><\/iframe>\n<p>Labdoo.org m\u00f6chte mit den gespendeten Ger\u00e4ten weltweit die \u201edigitale Kluft\u201c auf \u00f6kologisch verantwortungsvolle Weise verringern und den Kindern Zugang zu IT und Bildung erm\u00f6glichen.\u00a0Dabei transportieren sogenannte \u201eFlugpaten\u201c gespendete IT-Ger\u00e4te CO\u00b2-neutral im Rahmen einer sowieso stattfindenden Reise in andere L\u00e4nder und \u00fcbergeben diese dort, damit Schulen sowie Kinder- und Jugendprojekte (\u201cEdoovillages\u201d) in aller Welt kostenlos unterst\u00fctzt werden. Ebenfalls sorgen Flugpaten f\u00fcr den R\u00fccktransport von IT-Ger\u00e4ten, sofern diese irgendwann nicht mehr verwendet werden k\u00f6nnen und der fachgerechten Entsorgung in Europa zugef\u00fchrt werden sollen.<\/p>\n<p>&nbsp;<\/p>\n<h3><strong>Social &amp;\u00a0Green IT f\u00fcr Schulen<\/strong><\/h3>\n<p>Seit 2021 unterst\u00fctzt AfB die gemeinn\u00fctzige Initiative &#8222;<a href=\"https:\/\/www.das-macht-schule.net\">Das macht Schule<\/a>&#8222;. So k\u00f6nnen Unternehmen \u00fcber den Service von AfB ganz unkompliziert gebrauchte Laptops, PCs, Drucker und Monitore an Schulen spenden. Dies ist \u00e4usserst wirkungsvoll. Nach dem Deutschen Schulbarometer sind bei rund 60 % der Schulen bzw. 80 % der Sch\u00fcler die fehlende Hardware der gr\u00f6\u00dfte Engpass bei der Digitalisierung<\/p>\n<p>Als gemeinn\u00fctziges Unternehmen unterst\u00fctzt AfB zudem die Lehrkr\u00e4fte und Schulen bei der Planung und Umsetzung von Notebook- und Tablet-Klassen.<\/p>\n<p>&nbsp;<\/p>\n<\/div>\n<div class=\"cmsmasters_text\">\n<figure id=\"attachment_7879\" aria-describedby=\"caption-attachment-7879\" style=\"width: 1024px\" class=\"wp-caption aligncenter\"><img loading=\"lazy\" decoding=\"async\" class=\"wp-image-7879 size-large\" src=\"https:\/\/good-search.org\/about\/wp-content\/uploads\/2021\/05\/AfB_Versand-1024x704.jpg\" alt=\"\" width=\"1024\" height=\"704\" srcset=\"https:\/\/good-search.org\/about\/wp-content\/uploads\/2021\/05\/AfB_Versand-1024x704.jpg 1024w, https:\/\/good-search.org\/about\/wp-content\/uploads\/2021\/05\/AfB_Versand-300x206.jpg 300w, https:\/\/good-search.org\/about\/wp-content\/uploads\/2021\/05\/AfB_Versand-768x528.jpg 768w, https:\/\/good-search.org\/about\/wp-content\/uploads\/2021\/05\/AfB_Versand-580x399.jpg 580w, https:\/\/good-search.org\/about\/wp-content\/uploads\/2021\/05\/AfB_Versand-860x591.jpg 860w, https:\/\/good-search.org\/about\/wp-content\/uploads\/2021\/05\/AfB_Versand-1160x797.jpg 1160w, https:\/\/good-search.org\/about\/wp-content\/uploads\/2021\/05\/AfB_Versand-1440x990.jpg 1440w, https:\/\/good-search.org\/about\/wp-content\/uploads\/2021\/05\/AfB_Versand.jpg 1772w\" sizes=\"(max-width: 1024px) 100vw, 1024px\" \/><figcaption id=\"caption-attachment-7879\" class=\"wp-caption-text\">Versand. Bild: AfB<\/figcaption><\/figure>\n<p>Der Magazinartikel wurde am 1. September 2023 aktualisiert. Er erschien urspr\u00fcnglich am 7. Juni 2021.<\/p>\n<p><strong>Fragen, Kritik, Anregungen? Schreibt uns!<br \/>\n<\/strong><span style=\"font-weight: 400\">Dr. Andreas Renner,\u00a0<\/span><span style=\"font-weight: 400\">Co-Founder GOOD:\u00a0<\/span><a href=\"mailto:andreas@good-search.org\"><span style=\"font-weight: 400\">andreas@good-search.org<\/span><\/a><\/p>\n<\/div>\n<\/div>\n<\/div>\n<\/div>\n<\/div>\n<\/div>\n<\/div>\n<div id=\"cmsmasters_row_69ec82a0f20c27_55694624\" class=\"cmsmasters_row cmsmasters_color_scheme_default cmsmasters_row_top_default cmsmasters_row_bot_default cmsmasters_row_boxed\">\n<div class=\"cmsmasters_row_outer_parent\">\n<div class=\"cmsmasters_row_outer\">\n<div class=\"cmsmasters_row_inner\">\n<div class=\"cmsmasters_row_margin\">\n<div class=\"cmsmasters_column one_first\">\n<div class=\"cmsmasters_sharing\">\n<div class=\"share_wrap\">\n<a href=\"https:\/\/twitter.com\/intent\/tweet?text=Check+out+%27Die+Welt+mit+ausgedienten+IT-Ger%C3%A4ten+sozialer+und+gr%C3%BCner+machen%3F+So+geht+es%21%27+on+GOOD+%E2%80%93+Die+Suchmaschine+f%C3%BCr+eine+bessere+Welt+website&url=https%3A%2F%2Fgood-search.org%2Fabout%2Fblog%2Fdie-welt-mit-ausgedienten-it-geraeten-sozialer-und-gruener-machen-so-geht-es%2F\" class=\"button cmsmasters-icon-twitter\">Twitter<\/a>\n<\/div>\n<div class=\"share_wrap\">\n<a href=\"https:\/\/www.pinterest.com\/pin\/create\/button\/\" data-pin-do=\"buttonBookmark\" data-pin-custom=\"true\" class=\"button cmsmasters_pinterest_button cmsmasters-icon-pinterest\">Pinterest<\/a>\n<\/div>\n<div class=\"share_wrap\">\n<a href=\"\/\/www.facebook.com\/sharer\/sharer.php?display=popup&u=https%3A%2F%2Fgood-search.org%2Fabout%2Fblog%2Fdie-welt-mit-ausgedienten-it-geraeten-sozialer-und-gruener-machen-so-geht-es%2F\" class=\"button cmsmasters-icon-facebook\">Facebook<\/a>\n<\/div>\n<\/div>\n<\/div>\n<\/div>\n<\/div>\n<\/div>\n<\/div>\n<\/div>\n\n","protected":false},"excerpt":{"rendered":"<p>Hinter dem K\u00fcrzel AfB \u2013 Arbeit f\u00fcr Menschen mit Behinderung \u2013 steckt ein Social Business mit unglaublicher Power. Die Wirkung reicht von Inklusion \u00fcber die F\u00f6rderung einer Zero Waste Wirtschaft bis neuen Formen des Corporate Engagements \u00fcber die Spende gebrauchter IT-Hardware.<\/p>\n","protected":false},"author":3,"featured_media":7895,"comment_status":"closed","ping_status":"closed","sticky":false,"template":"","format":"standard","meta":{"_acf_changed":false,"footnotes":""},"categories":[70,50,41],"tags":[],"acf":[],"_links":{"self":[{"href":"https:\/\/good-search.org\/about\/wp-json\/wp\/v2\/posts\/7926"}],"collection":[{"href":"https:\/\/good-search.org\/about\/wp-json\/wp\/v2\/posts"}],"about":[{"href":"https:\/\/good-search.org\/about\/wp-json\/wp\/v2\/types\/post"}],"author":[{"embeddable":true,"href":"https:\/\/good-search.org\/about\/wp-json\/wp\/v2\/users\/3"}],"replies":[{"embeddable":true,"href":"https:\/\/good-search.org\/about\/wp-json\/wp\/v2\/comments?post=7926"}],"version-history":[{"count":23,"href":"https:\/\/good-search.org\/about\/wp-json\/wp\/v2\/posts\/7926\/revisions"}],"predecessor-version":[{"id":13871,"href":"https:\/\/good-search.org\/about\/wp-json\/wp\/v2\/posts\/7926\/revisions\/13871"}],"wp:featuredmedia":[{"embeddable":true,"href":"https:\/\/good-search.org\/about\/wp-json\/wp\/v2\/media\/7895"}],"wp:attachment":[{"href":"https:\/\/good-search.org\/about\/wp-json\/wp\/v2\/media?parent=7926"}],"wp:term":[{"taxonomy":"category","embeddable":true,"href":"https:\/\/good-search.org\/about\/wp-json\/wp\/v2\/categories?post=7926"},{"taxonomy":"post_tag","embeddable":true,"href":"https:\/\/good-search.org\/about\/wp-json\/wp\/v2\/tags?post=7926"}],"curies":[{"name":"wp","href":"https:\/\/api.w.org\/{rel}","templated":true}]}}